{"id":48737,"date":"2019-06-19T14:35:40","date_gmt":"2019-06-19T14:35:40","guid":{"rendered":"http:\/\/goiasemtempo.com.br\/home\/?p=48737"},"modified":"2019-06-19T14:35:40","modified_gmt":"2019-06-19T14:35:40","slug":"municipio-de-anapolis-atende-recomendacao-do-mp-e-cria-unidade-de-preservacao-dos-rios","status":"publish","type":"post","link":"https:\/\/goiasemtempo.com.br\/home\/municipio-de-anapolis-atende-recomendacao-do-mp-e-cria-unidade-de-preservacao-dos-rios\/","title":{"rendered":"Munic\u00edpio de An\u00e1polis atende recomenda\u00e7\u00e3o do MP e cria unidade de preserva\u00e7\u00e3o dos rios"},"content":{"rendered":"<p>Acolhendo recomenda\u00e7\u00e3o do Minist\u00e9rio P\u00fablico de Goi\u00e1s o munic\u00edpio de An\u00e1polis expediu decreto criando a \u00c1rea de Prote\u00e7\u00e3o Ambiental (APA) do Pianc\u00f3. A unidade de conserva\u00e7\u00e3o criada tem objetivo de proteger os recursos h\u00eddricos da bacia hidrogr\u00e1fica do Ribeir\u00e3o Pianc\u00f3 e assegurar condi\u00e7\u00f5es de uso do solo compat\u00edveis com a preserva\u00e7\u00e3o do rio.<\/p>\n<p>O decreto atendeu recomenda\u00e7\u00e3o da promotora de Justi\u00e7a Sandra Mara Garbelini, expedida em 18 de junho do ano passado. Na recomenda\u00e7\u00e3o, o MP sustentou que o Plano Diretor de An\u00e1polis, de julho de 2016, prev\u00ea, no artigo 12, que o Poder P\u00fablico Municipal deveria criar a Unidade de Preserva\u00e7\u00e3o do Rio Pianc\u00f3. O MP recomendou a cria\u00e7\u00e3o da APA, principalmente porque An\u00e1polis tem\u00a0 registrado sucessivas crises h\u00eddricas nos \u00faltimos anos e o Ribeir\u00e3o Pianc\u00f3 \u00e9 o respons\u00e1vel pelo abastecimento do munic\u00edpio.<\/p>\n<p>Citando dados da An\u00e1lise T\u00e9cnica da Evolu\u00e7\u00e3o de Precipita\u00e7\u00e3o da Bacia do Ribeir\u00e3o Pianc\u00f3, realizada pela Saneago, a promotora alertou que o percentual de precipita\u00e7\u00e3o vem diminuindo na m\u00e9dia de 6,3% ao ano, al\u00e9m disso, o per\u00edodo entre 2017 e 2018 teve a menor precipita\u00e7\u00e3o desde 2012.<\/p>\n<p><img decoding=\"async\" src=\"https:\/\/goiasemtempo.com.br\/home\/wp-content\/uploads\/2018\/10\/sandra-mara-garbelini.jpg\" alt=\"Imagem relacionada\" \/>Sandra Mara Garbeline; Foto: Reprodu\u00e7\u00e3o<\/p>\n<p>A cria\u00e7\u00e3o da APA implica em: Elabora\u00e7\u00e3o do Zoneamento Ecol\u00f3gico-Econ\u00f4mico que definir\u00e1 as atividades permitidas e proibidas em cada zona;<br \/>\n&#8211; Utiliza\u00e7\u00e3o dos instrumentos legais e incentivos financeiros governamentais para assegurar a prote\u00e7\u00e3o da bacia.<br \/>\n&#8211; Aplica\u00e7\u00e3o de medidas legais para evitar atividades degradantes ao meio ambiente;<br \/>\n&#8211; Divulga\u00e7\u00e3o de esclarecimento \u00e0 comunidade local sobre a APA<\/p>\n<p>Por: Marcus Vinicius Isaac<\/p>\n","protected":false},"excerpt":{"rendered":"<p>Acolhendo recomenda\u00e7\u00e3o do Minist\u00e9rio P\u00fablico de Goi\u00e1s o munic\u00edpio de An\u00e1polis expediu decreto criando a \u00c1rea de Prote\u00e7\u00e3o Ambiental (APA) do Pianc\u00f3. A unidade de conserva\u00e7\u00e3o criada tem objetivo de proteger os recursos h\u00eddricos da bacia hidrogr\u00e1fica do Ribeir\u00e3o Pianc\u00f3 e assegurar condi\u00e7\u00f5es de uso do solo compat\u00edveis com a preserva\u00e7\u00e3o do rio. O decreto &hellip;<\/p>\n","protected":false},"author":3,"featured_media":48738,"comment_status":"open","ping_status":"open","sticky":false,"template":"","format":"standard","meta":{"_exactmetrics_skip_tracking":false,"_exactmetrics_sitenote_active":false,"_exactmetrics_sitenote_note":"","_exactmetrics_sitenote_category":0,"footnotes":""},"categories":[19],"tags":[],"_links":{"self":[{"href":"https:\/\/goiasemtempo.com.br\/home\/wp-json\/wp\/v2\/posts\/48737"}],"collection":[{"href":"https:\/\/goiasemtempo.com.br\/home\/wp-json\/wp\/v2\/posts"}],"about":[{"href":"https:\/\/goiasemtempo.com.br\/home\/wp-json\/wp\/v2\/types\/post"}],"author":[{"embeddable":true,"href":"https:\/\/goiasemtempo.com.br\/home\/wp-json\/wp\/v2\/users\/3"}],"replies":[{"embeddable":true,"href":"https:\/\/goiasemtempo.com.br\/home\/wp-json\/wp\/v2\/comments?post=48737"}],"version-history":[{"count":1,"href":"https:\/\/goiasemtempo.com.br\/home\/wp-json\/wp\/v2\/posts\/48737\/revisions"}],"predecessor-version":[{"id":48739,"href":"https:\/\/goiasemtempo.com.br\/home\/wp-json\/wp\/v2\/posts\/48737\/revisions\/48739"}],"wp:featuredmedia":[{"embeddable":true,"href":"https:\/\/goiasemtempo.com.br\/home\/wp-json\/wp\/v2\/media\/48738"}],"wp:attachment":[{"href":"https:\/\/goiasemtempo.com.br\/home\/wp-json\/wp\/v2\/media?parent=48737"}],"wp:term":[{"taxonomy":"category","embeddable":true,"href":"https:\/\/goiasemtempo.com.br\/home\/wp-json\/wp\/v2\/categories?post=48737"},{"taxonomy":"post_tag","embeddable":true,"href":"https:\/\/goiasemtempo.com.br\/home\/wp-json\/wp\/v2\/tags?post=48737"}],"curies":[{"name":"wp","href":"https:\/\/api.w.org\/{rel}","templated":true}]}}