{"id":48684,"date":"2019-06-17T22:00:32","date_gmt":"2019-06-17T22:00:32","guid":{"rendered":"http:\/\/goiasemtempo.com.br\/home\/?p=48684"},"modified":"2019-06-17T22:00:32","modified_gmt":"2019-06-17T22:00:32","slug":"detentos-fogem-de-unidade-prisional-de-jaragua","status":"publish","type":"post","link":"https:\/\/goiasemtempo.com.br\/home\/detentos-fogem-de-unidade-prisional-de-jaragua\/","title":{"rendered":"Detentos fogem de Unidade Prisional de Jaragu\u00e1"},"content":{"rendered":"<p>Cinco detentos fugiram de uma Unidade Prisional (UP) na manh\u00e3 desta segunda-feira (17), da cidade de Jaragu\u00e1, a 121 quil\u00f4metros de Goi\u00e2nia. De acordo com a Diretoria-Geral de Administra\u00e7\u00e3o Penitenci\u00e1ria (DGAP), os internos sa\u00edram por um buraco feito na parede da cela.<\/p>\n<p>J\u00fanior C\u00e9sar da Concei\u00e7\u00e3o Mendes, Jos\u00e9 Aparecido Francisco dos Santos, Marcelo Rodrigues da Silva, Vin\u00edcius Ant\u00f4nio Ribeiro de Souza e Ronisclei Gon\u00e7alves Ver\u00edssimo de Almeida cumpriam penas por crimes de roubo, tr\u00e1fico e recepta\u00e7\u00e3o. De acordo com a DGAP, as provid\u00eancias j\u00e1 foram tomadas para recapturar os presos.<\/p>\n<p>A ocorr\u00eancia est\u00e1 sob investiga\u00e7\u00e3o da Pol\u00edcia Civil (PC) e tamb\u00e9m \u00e9 apurada pela Diretoria de administra\u00e7\u00e3o, os quais solicitam que a sociedade colabore com informa\u00e7\u00f5es sobre o paradeiro dos cinco homens.<\/p>\n<p>Den\u00fancias an\u00f4nimas podem ser feitas pelo 197 da PC. Pelo 190 da Pol\u00edcia Militar e tamb\u00e9m pelo telefone da\u00a0Ouvidoria da Secret\u00e1ria de Seguran\u00e7a P\u00fablica (62) 3201-1212.<\/p>\n","protected":false},"excerpt":{"rendered":"<p>Cinco detentos fugiram de uma Unidade Prisional (UP) na manh\u00e3 desta segunda-feira (17), da cidade de Jaragu\u00e1, a 121 quil\u00f4metros de Goi\u00e2nia. De acordo com a Diretoria-Geral de Administra\u00e7\u00e3o Penitenci\u00e1ria (DGAP), os internos sa\u00edram por um buraco feito na parede da cela. J\u00fanior C\u00e9sar da Concei\u00e7\u00e3o Mendes, Jos\u00e9 Aparecido Francisco dos Santos, Marcelo Rodrigues da &hellip;<\/p>\n","protected":false},"author":3,"featured_media":48685,"comment_status":"open","ping_status":"open","sticky":false,"template":"","format":"standard","meta":{"_exactmetrics_skip_tracking":false,"_exactmetrics_sitenote_active":false,"_exactmetrics_sitenote_note":"","_exactmetrics_sitenote_category":0,"footnotes":""},"categories":[33],"tags":[],"_links":{"self":[{"href":"https:\/\/goiasemtempo.com.br\/home\/wp-json\/wp\/v2\/posts\/48684"}],"collection":[{"href":"https:\/\/goiasemtempo.com.br\/home\/wp-json\/wp\/v2\/posts"}],"about":[{"href":"https:\/\/goiasemtempo.com.br\/home\/wp-json\/wp\/v2\/types\/post"}],"author":[{"embeddable":true,"href":"https:\/\/goiasemtempo.com.br\/home\/wp-json\/wp\/v2\/users\/3"}],"replies":[{"embeddable":true,"href":"https:\/\/goiasemtempo.com.br\/home\/wp-json\/wp\/v2\/comments?post=48684"}],"version-history":[{"count":1,"href":"https:\/\/goiasemtempo.com.br\/home\/wp-json\/wp\/v2\/posts\/48684\/revisions"}],"predecessor-version":[{"id":48686,"href":"https:\/\/goiasemtempo.com.br\/home\/wp-json\/wp\/v2\/posts\/48684\/revisions\/48686"}],"wp:featuredmedia":[{"embeddable":true,"href":"https:\/\/goiasemtempo.com.br\/home\/wp-json\/wp\/v2\/media\/48685"}],"wp:attachment":[{"href":"https:\/\/goiasemtempo.com.br\/home\/wp-json\/wp\/v2\/media?parent=48684"}],"wp:term":[{"taxonomy":"category","embeddable":true,"href":"https:\/\/goiasemtempo.com.br\/home\/wp-json\/wp\/v2\/categories?post=48684"},{"taxonomy":"post_tag","embeddable":true,"href":"https:\/\/goiasemtempo.com.br\/home\/wp-json\/wp\/v2\/tags?post=48684"}],"curies":[{"name":"wp","href":"https:\/\/api.w.org\/{rel}","templated":true}]}}