{"id":48636,"date":"2019-06-14T19:17:39","date_gmt":"2019-06-14T19:17:39","guid":{"rendered":"http:\/\/goiasemtempo.com.br\/home\/?p=48636"},"modified":"2019-06-14T19:17:39","modified_gmt":"2019-06-14T19:17:39","slug":"lula-quer-embate-com-bonner-e-critica-globo-voce-mentiu","status":"publish","type":"post","link":"https:\/\/goiasemtempo.com.br\/home\/lula-quer-embate-com-bonner-e-critica-globo-voce-mentiu\/","title":{"rendered":"Lula quer embate com Bonner e critica Globo: &#8220;Voc\u00ea mentiu&#8221;"},"content":{"rendered":"<p>Na quarta-feira, dia 12, os jornalistas Juca Kfouri e Jos\u00e9 Trajano estiveram na Superintend\u00eancia da Pol\u00edcia Federal em Curitiba (PR) para entrevistar o ex-presidente Lula. O petista est\u00e1 preso desde abril de 2018. A \u00edntegra da grava\u00e7\u00e3o foi exibida na noite de ontem na TVT.<\/p>\n<p>Ao comentar os vazamentos de mensagens do aplicativo Telegram de supostas trocas de informa\u00e7\u00f5es entre o ex-juiz e atual ministro Sergio Moro e o procurador Deltan Dallagnol, da for\u00e7a-tarefa da Opera\u00e7\u00e3o Lava Jato, Lula prop\u00f4s um confronto de ideias na emissora de maior audi\u00eancia da televis\u00e3o brasileira.<\/p>\n<p class=\"text\">&#8220;A Globo poderia fazer um debate entre eu, o Moro e o Dallagnol. Eu sozinho contra os dois. Os dois fizeram curso em Harvard, s\u00e3o bem preparados, t\u00eam muitas informa\u00e7\u00f5es, poderiam fazer um debate comigo, qualquer hor\u00e1rio que eles quisessem, pra gente ver quem \u00e9 que est\u00e1 mentindo nesse Pa\u00eds&#8221;, disse.<\/p>\n<p class=\"text\">O ex-presidente foi al\u00e9m: acusou o canal do cl\u00e3 Marinho de responsabilidade em sua condena\u00e7\u00e3o na m\u00eddia: &#8220;A Globo, \u00e9, na verdade, a grande mentora dessa panaceia toda&#8221;.<\/p>\n<p class=\"text\">Em outro trecho, Lula condenou a maneira como foi apresentado no telejornalismo da emissora durante o julgamento que o levou \u00e0 pris\u00e3o. &#8220;A Globo transformou o combate \u00e0 corrup\u00e7\u00e3o numa grade dela, em que o Lula \u00e9 citado, sabe, em quatro anos, mais de 100 horas no Jornal Nacional&#8221;.<\/p>\n<p class=\"text\">O ex-presidente acusa o canal de prejudicar seu partido durante a \u00faltima campanha eleitoral. &#8220;O objetivo da Globo, embora n\u00e3o goste do Bolsonaro, era n\u00e3o ter o PT&#8221;.<\/p>\n<p class=\"text\">Ele questiona a raz\u00e3o de ainda n\u00e3o ter sido ouvido pela emissora. &#8220;Voc\u00ea n\u00e3o acha estranho que a Globo nunca tenha pedido uma entrevista? Voc\u00ea n\u00e3o acha estranho que as grandes revistas nunca pediram uma entrevista? Voc\u00ea n\u00e3o acha estranho que o SBT, nem o programa do Ratinho, que levou o Bolsonaro, nem os programas de debate da Bandeirantes, voc\u00ea n\u00e3o acha estranho que essa gente n\u00e3o tenha pedido?&#8221;.<\/p>\n<p class=\"text\">Na sequ\u00eancia, Lula avalia a pr\u00f3pria popularidade e lan\u00e7a um desafio ao principal \u00e2ncora da Globo.<\/p>\n<p class=\"text\">&#8220;Afinal de contas, eu sou uma pessoa que ainda tem uma certa audi\u00eancia no Brasil, mais do que todos os programas deles. Eu gostaria de conversar, eu gostaria de ver sentar na minha frente o William Bonner, que faz seis anos que fala mal de mim todo dia no &#8216;Jornal Nacional&#8217;. E eu s\u00f3 queria uma chance de poder dizer a ele: \u2018voc\u00ea mentiu\u2019&#8221;.<\/p>\n<p class=\"text\">Na grava\u00e7\u00e3o para a TVT, Lula tamb\u00e9m contestou a exibi\u00e7\u00e3o no &#8216;JN&#8217;, no in\u00edcio desta semana, do v\u00eddeo no qual Deltan Dallagnol rememora a a\u00e7\u00e3o dos procuradores da Lava Jato em resposta \u00e0 hipot\u00e9tica suspeita de a\u00e7\u00e3o coordenada com Moro.<\/p>\n<p class=\"text\">&#8220;Eu vi ontem (ter\u00e7a-feira) o desespero da Globo de tentar dar ao Dallagnol mais tempo do que deu \u00e0 artista principal da novela &#8216;A Dona do Peda\u00e7o&#8217;. Ela apareceu menos que o Dallagnol tentando se explicar, tentando dizer porque prendeu n\u00e3o sei quem, porque fez n\u00e3o sei das quantas&#8221;.<\/p>\n<p class=\"text\">Ainda na transmiss\u00e3o de duas horas, Lula realizou \u2018mea culpa\u2019 em rela\u00e7\u00e3o \u00e0 TV Brasil. \u201cOlha, talvez a gente tenha errado muito\u2026 Deixa eu te falar. Eu n\u00e3o sou de televis\u00e3o. Eu tinha vontade de criar um canal de televis\u00e3o que tivesse um papel que tivesse a RAI da It\u00e1lia, a BBC de Londres, que n\u00e3o precisava ter uma grande audi\u00eancia, mas que fosse um canal de forma\u00e7\u00e3o de opini\u00e3o das pessoas que fazem acontecer as coisas no pa\u00eds\u201d, explicou.<\/p>\n<p class=\"text\">&#8220;Mas a\u00ed n\u00f3s criamos um conselho muito republicano, come\u00e7amos n\u00f3s mesmos a nos vigiar, tomar cuidado nisso, tomar cuidado naquilo, n\u00e3o pode fazer isso, e terminamos criando uma televis\u00e3o que n\u00e3o funcionou&#8221;.<\/p>\n<div id=\"advCard3\" class=\"advertising impactAdv visible\">\n<div id=\"s3--wrapper\">\n<div id=\"s3\" class=\"visible\" data-google-query-id=\"CKPQpOzW6eICFQ5swQodlHAFcg\">\u00a0Com Ag\u00eancia de Not\u00edcias\/Terra\/<\/div>\n<\/div>\n<\/div>\n","protected":false},"excerpt":{"rendered":"<p>Na quarta-feira, dia 12, os jornalistas Juca Kfouri e Jos\u00e9 Trajano estiveram na Superintend\u00eancia da Pol\u00edcia Federal em Curitiba (PR) para entrevistar o ex-presidente Lula. O petista est\u00e1 preso desde abril de 2018. A \u00edntegra da grava\u00e7\u00e3o foi exibida na noite de ontem na TVT. Ao comentar os vazamentos de mensagens do aplicativo Telegram de &hellip;<\/p>\n","protected":false},"author":3,"featured_media":48637,"comment_status":"open","ping_status":"open","sticky":false,"template":"","format":"standard","meta":{"footnotes":""},"categories":[4],"tags":[],"class_list":["post-48636","post","type-post","status-publish","format-standard","has-post-thumbnail","hentry","category-ultimas-noticias"],"_links":{"self":[{"href":"https:\/\/goiasemtempo.com.br\/home\/wp-json\/wp\/v2\/posts\/48636","targetHints":{"allow":["GET"]}}],"collection":[{"href":"https:\/\/goiasemtempo.com.br\/home\/wp-json\/wp\/v2\/posts"}],"about":[{"href":"https:\/\/goiasemtempo.com.br\/home\/wp-json\/wp\/v2\/types\/post"}],"author":[{"embeddable":true,"href":"https:\/\/goiasemtempo.com.br\/home\/wp-json\/wp\/v2\/users\/3"}],"replies":[{"embeddable":true,"href":"https:\/\/goiasemtempo.com.br\/home\/wp-json\/wp\/v2\/comments?post=48636"}],"version-history":[{"count":1,"href":"https:\/\/goiasemtempo.com.br\/home\/wp-json\/wp\/v2\/posts\/48636\/revisions"}],"predecessor-version":[{"id":48638,"href":"https:\/\/goiasemtempo.com.br\/home\/wp-json\/wp\/v2\/posts\/48636\/revisions\/48638"}],"wp:featuredmedia":[{"embeddable":true,"href":"https:\/\/goiasemtempo.com.br\/home\/wp-json\/wp\/v2\/media\/48637"}],"wp:attachment":[{"href":"https:\/\/goiasemtempo.com.br\/home\/wp-json\/wp\/v2\/media?parent=48636"}],"wp:term":[{"taxonomy":"category","embeddable":true,"href":"https:\/\/goiasemtempo.com.br\/home\/wp-json\/wp\/v2\/categories?post=48636"},{"taxonomy":"post_tag","embeddable":true,"href":"https:\/\/goiasemtempo.com.br\/home\/wp-json\/wp\/v2\/tags?post=48636"}],"curies":[{"name":"wp","href":"https:\/\/api.w.org\/{rel}","templated":true}]}}