{"id":48588,"date":"2019-06-13T16:51:29","date_gmt":"2019-06-13T16:51:29","guid":{"rendered":"http:\/\/goiasemtempo.com.br\/home\/?p=48588"},"modified":"2019-06-13T16:51:41","modified_gmt":"2019-06-13T16:51:41","slug":"passageiro-tenta-tomar-direcao-de-onibus-em-anapolisapos-surto-psicotico","status":"publish","type":"post","link":"https:\/\/goiasemtempo.com.br\/home\/passageiro-tenta-tomar-direcao-de-onibus-em-anapolisapos-surto-psicotico\/","title":{"rendered":"Passageiro tenta tomar dire\u00e7\u00e3o de \u00f4nibus em An\u00e1polis ap\u00f3s surto psic\u00f3tico"},"content":{"rendered":"<p>Um homem de 47 anos foi resgatado pela Pol\u00edcia Rodovi\u00e1ria Federal (PRF), na manh\u00e3 desta quinta-feira (13), ap\u00f3s sofrer um surto psic\u00f3tico e tentar tomar a dire\u00e7\u00e3o do motorista de um \u00f4nibus interestadual na BR-060, em An\u00e1polis.Segundo a corpora\u00e7\u00e3o, o ve\u00edculo saiu de Arapiraca (AL), seguia para S\u00e3o Paulo (SP) e tinha cerca de 40 passageiros no momento do incidente.<\/p>\n<p>De acordo com a corpora\u00e7\u00e3o, a situa\u00e7\u00e3o ocorreu no momento em que o \u00f4nibus passava pelo trecho entre Abadi\u00e2nia e An\u00e1polis. O homem estava inquieto e irritado. Neste momento, ele invadiu a cabine do motorista e tentou tomar a dire\u00e7\u00e3o do ve\u00edculo, alegando que iria jogar o ve\u00edculo de um precip\u00edcio. Quatro passageiros conseguiram impedir a a\u00e7\u00e3o e imobilizaram o homem.<\/p>\n<p>Os passageiros entraram em contato com a PRF e o ve\u00edculo foi abordado em An\u00e1polis. Familiares, que moram em Alagoas, disseram aos agentes que o homem faz utiliza\u00e7\u00e3o de medicamento controlado e tamb\u00e9m ingere bebida alco\u00f3lica, o que altera seu comportamento.<\/p>\n<p>O passageiro ficou sob responsabilidade da PRF e ser\u00e1 encaminhado \u00e0 unidade de atendimento psiqui\u00e1trico at\u00e9 a chegada dos familiares. O \u00f4nibus seguiu viagem.<\/p>\n<p>Com Ag\u00eancia de Not\u00edcias\/MGoi\u00e1s<\/p>\n","protected":false},"excerpt":{"rendered":"<p>Um homem de 47 anos foi resgatado pela Pol\u00edcia Rodovi\u00e1ria Federal (PRF), na manh\u00e3 desta quinta-feira (13), ap\u00f3s sofrer um surto psic\u00f3tico e tentar tomar a dire\u00e7\u00e3o do motorista de um \u00f4nibus interestadual na BR-060, em An\u00e1polis.Segundo a corpora\u00e7\u00e3o, o ve\u00edculo saiu de Arapiraca (AL), seguia para S\u00e3o Paulo (SP) e tinha cerca de 40 &hellip;<\/p>\n","protected":false},"author":3,"featured_media":48589,"comment_status":"open","ping_status":"open","sticky":false,"template":"","format":"standard","meta":{"_exactmetrics_skip_tracking":false,"_exactmetrics_sitenote_active":false,"_exactmetrics_sitenote_note":"","_exactmetrics_sitenote_category":0,"footnotes":""},"categories":[4],"tags":[],"_links":{"self":[{"href":"https:\/\/goiasemtempo.com.br\/home\/wp-json\/wp\/v2\/posts\/48588"}],"collection":[{"href":"https:\/\/goiasemtempo.com.br\/home\/wp-json\/wp\/v2\/posts"}],"about":[{"href":"https:\/\/goiasemtempo.com.br\/home\/wp-json\/wp\/v2\/types\/post"}],"author":[{"embeddable":true,"href":"https:\/\/goiasemtempo.com.br\/home\/wp-json\/wp\/v2\/users\/3"}],"replies":[{"embeddable":true,"href":"https:\/\/goiasemtempo.com.br\/home\/wp-json\/wp\/v2\/comments?post=48588"}],"version-history":[{"count":2,"href":"https:\/\/goiasemtempo.com.br\/home\/wp-json\/wp\/v2\/posts\/48588\/revisions"}],"predecessor-version":[{"id":48591,"href":"https:\/\/goiasemtempo.com.br\/home\/wp-json\/wp\/v2\/posts\/48588\/revisions\/48591"}],"wp:featuredmedia":[{"embeddable":true,"href":"https:\/\/goiasemtempo.com.br\/home\/wp-json\/wp\/v2\/media\/48589"}],"wp:attachment":[{"href":"https:\/\/goiasemtempo.com.br\/home\/wp-json\/wp\/v2\/media?parent=48588"}],"wp:term":[{"taxonomy":"category","embeddable":true,"href":"https:\/\/goiasemtempo.com.br\/home\/wp-json\/wp\/v2\/categories?post=48588"},{"taxonomy":"post_tag","embeddable":true,"href":"https:\/\/goiasemtempo.com.br\/home\/wp-json\/wp\/v2\/tags?post=48588"}],"curies":[{"name":"wp","href":"https:\/\/api.w.org\/{rel}","templated":true}]}}