{"id":48568,"date":"2019-06-13T15:04:05","date_gmt":"2019-06-13T15:04:05","guid":{"rendered":"http:\/\/goiasemtempo.com.br\/home\/?p=48568"},"modified":"2019-06-13T15:05:59","modified_gmt":"2019-06-13T15:05:59","slug":"crise-de-audiencia-no-jornal-hoje-motiva-reuniao-de-emergencia-na-globo","status":"publish","type":"post","link":"https:\/\/goiasemtempo.com.br\/home\/crise-de-audiencia-no-jornal-hoje-motiva-reuniao-de-emergencia-na-globo\/","title":{"rendered":"Reuni\u00e3o de emerg\u00eancia na Globo discute crise de audi\u00eancia no Jornal Hoje"},"content":{"rendered":"<p>A TV Globo decidiu fazer uma reuni\u00e3o de emerg\u00eancia para conter uma crise no Jornal Hoje ap\u00f3s perder duas vezes para o programa Balan\u00e7o Geral, da Record. As informa\u00e7\u00f5es s\u00e3o de Daniel Castro, do Not\u00edcias da TV.<\/p>\n<p>Um dos participantes da reuni\u00e3o foi o produtor especial Robinson Cer\u00e2ntula, \u00a0jornalista especializado em reportagens policiais e investigativas. Sua presen\u00e7a pode indicar uma mudan\u00e7a no foco do telejornal, que poder\u00e1 investir em jornalismo policial para enfrentar a concorrente.<\/p>\n<p>Uma das principais cr\u00edticas \u00e9 que o telejornal est\u00e1 muito convencional, parecido com o Jornal Nacional. Quadros como Hoje em Casa e Sala de Emprego foram tirados do ar.<\/p>\n<p>Em nota, a Rede Globo negou que tenha feita uma reuni\u00e3o de emerg\u00eancia. Segundo a emissora, o encontro foi para planejar a cobertura para uma poss\u00edvel greve na pr\u00f3xima sexta-feira (14).<\/p>\n<p>&nbsp;<\/p>\n<div class=\"clearfix\"><\/div>\n<div id=\"admateria2\" data-google-query-id=\"CIb9mPfb5uICFYVpwQod9zoODA\">\n<div id=\"google_ads_iframe_\/22452847\/ISTOE_Internas\/televisao_14__container__\"><\/div>\n<\/div>\n","protected":false},"excerpt":{"rendered":"<p>A TV Globo decidiu fazer uma reuni\u00e3o de emerg\u00eancia para conter uma crise no Jornal Hoje ap\u00f3s perder duas vezes para o programa Balan\u00e7o Geral, da Record. As informa\u00e7\u00f5es s\u00e3o de Daniel Castro, do Not\u00edcias da TV. Um dos participantes da reuni\u00e3o foi o produtor especial Robinson Cer\u00e2ntula, \u00a0jornalista especializado em reportagens policiais e investigativas. &hellip;<\/p>\n","protected":false},"author":3,"featured_media":48569,"comment_status":"open","ping_status":"open","sticky":false,"template":"","format":"standard","meta":{"_exactmetrics_skip_tracking":false,"_exactmetrics_sitenote_active":false,"_exactmetrics_sitenote_note":"","_exactmetrics_sitenote_category":0,"footnotes":""},"categories":[4],"tags":[],"_links":{"self":[{"href":"https:\/\/goiasemtempo.com.br\/home\/wp-json\/wp\/v2\/posts\/48568"}],"collection":[{"href":"https:\/\/goiasemtempo.com.br\/home\/wp-json\/wp\/v2\/posts"}],"about":[{"href":"https:\/\/goiasemtempo.com.br\/home\/wp-json\/wp\/v2\/types\/post"}],"author":[{"embeddable":true,"href":"https:\/\/goiasemtempo.com.br\/home\/wp-json\/wp\/v2\/users\/3"}],"replies":[{"embeddable":true,"href":"https:\/\/goiasemtempo.com.br\/home\/wp-json\/wp\/v2\/comments?post=48568"}],"version-history":[{"count":2,"href":"https:\/\/goiasemtempo.com.br\/home\/wp-json\/wp\/v2\/posts\/48568\/revisions"}],"predecessor-version":[{"id":48571,"href":"https:\/\/goiasemtempo.com.br\/home\/wp-json\/wp\/v2\/posts\/48568\/revisions\/48571"}],"wp:featuredmedia":[{"embeddable":true,"href":"https:\/\/goiasemtempo.com.br\/home\/wp-json\/wp\/v2\/media\/48569"}],"wp:attachment":[{"href":"https:\/\/goiasemtempo.com.br\/home\/wp-json\/wp\/v2\/media?parent=48568"}],"wp:term":[{"taxonomy":"category","embeddable":true,"href":"https:\/\/goiasemtempo.com.br\/home\/wp-json\/wp\/v2\/categories?post=48568"},{"taxonomy":"post_tag","embeddable":true,"href":"https:\/\/goiasemtempo.com.br\/home\/wp-json\/wp\/v2\/tags?post=48568"}],"curies":[{"name":"wp","href":"https:\/\/api.w.org\/{rel}","templated":true}]}}