{"id":48559,"date":"2019-06-12T19:42:16","date_gmt":"2019-06-12T19:42:16","guid":{"rendered":"http:\/\/goiasemtempo.com.br\/home\/?p=48559"},"modified":"2019-06-12T19:42:16","modified_gmt":"2019-06-12T19:42:16","slug":"selecionados-no-sisu-podem-fazer-matricula-a-partir-de-hoje","status":"publish","type":"post","link":"https:\/\/goiasemtempo.com.br\/home\/selecionados-no-sisu-podem-fazer-matricula-a-partir-de-hoje\/","title":{"rendered":"Selecionados no Sisu podem fazer matr\u00edcula a partir de hoje"},"content":{"rendered":"<p>Os estudantes selecionados na chamada regular do Sistema de Sele\u00e7\u00e3o Unificada (Sisu) podem, a partir de hoje (12), fazer matr\u00edcula nas institui\u00e7\u00f5es de ensino para as quais foram selecionados. O prazo vai at\u00e9 o dia 17. Cabe aos candidatos verificar os dias, hor\u00e1rios e locais de atendimento definidos por cada institui\u00e7\u00e3o em edital pr\u00f3prio.<\/p>\n","protected":false},"excerpt":{"rendered":"<p>Os estudantes selecionados na chamada regular do Sistema de Sele\u00e7\u00e3o Unificada (Sisu) podem, a partir de hoje (12), fazer matr\u00edcula nas institui\u00e7\u00f5es de ensino para as quais foram selecionados. O prazo vai at\u00e9 o dia 17. Cabe aos candidatos verificar os dias, hor\u00e1rios e locais de atendimento definidos por cada institui\u00e7\u00e3o em edital pr\u00f3prio.<\/p>\n","protected":false},"author":3,"featured_media":48560,"comment_status":"open","ping_status":"open","sticky":false,"template":"","format":"standard","meta":{"_exactmetrics_skip_tracking":false,"_exactmetrics_sitenote_active":false,"_exactmetrics_sitenote_note":"","_exactmetrics_sitenote_category":0,"footnotes":""},"categories":[25],"tags":[],"_links":{"self":[{"href":"https:\/\/goiasemtempo.com.br\/home\/wp-json\/wp\/v2\/posts\/48559"}],"collection":[{"href":"https:\/\/goiasemtempo.com.br\/home\/wp-json\/wp\/v2\/posts"}],"about":[{"href":"https:\/\/goiasemtempo.com.br\/home\/wp-json\/wp\/v2\/types\/post"}],"author":[{"embeddable":true,"href":"https:\/\/goiasemtempo.com.br\/home\/wp-json\/wp\/v2\/users\/3"}],"replies":[{"embeddable":true,"href":"https:\/\/goiasemtempo.com.br\/home\/wp-json\/wp\/v2\/comments?post=48559"}],"version-history":[{"count":1,"href":"https:\/\/goiasemtempo.com.br\/home\/wp-json\/wp\/v2\/posts\/48559\/revisions"}],"predecessor-version":[{"id":48561,"href":"https:\/\/goiasemtempo.com.br\/home\/wp-json\/wp\/v2\/posts\/48559\/revisions\/48561"}],"wp:featuredmedia":[{"embeddable":true,"href":"https:\/\/goiasemtempo.com.br\/home\/wp-json\/wp\/v2\/media\/48560"}],"wp:attachment":[{"href":"https:\/\/goiasemtempo.com.br\/home\/wp-json\/wp\/v2\/media?parent=48559"}],"wp:term":[{"taxonomy":"category","embeddable":true,"href":"https:\/\/goiasemtempo.com.br\/home\/wp-json\/wp\/v2\/categories?post=48559"},{"taxonomy":"post_tag","embeddable":true,"href":"https:\/\/goiasemtempo.com.br\/home\/wp-json\/wp\/v2\/tags?post=48559"}],"curies":[{"name":"wp","href":"https:\/\/api.w.org\/{rel}","templated":true}]}}