{"id":48527,"date":"2019-06-11T13:55:25","date_gmt":"2019-06-11T13:55:25","guid":{"rendered":"http:\/\/goiasemtempo.com.br\/home\/?p=48527"},"modified":"2019-06-11T13:55:25","modified_gmt":"2019-06-11T13:55:25","slug":"chapecoense-vai-pedir-anulacao-do-jogo-contra-o-goias","status":"publish","type":"post","link":"https:\/\/goiasemtempo.com.br\/home\/chapecoense-vai-pedir-anulacao-do-jogo-contra-o-goias\/","title":{"rendered":"Chapecoense vai pedir anula\u00e7\u00e3o do jogo contra o Goi\u00e1s"},"content":{"rendered":"<p>O Goi\u00e1s venceu a Chapecoense por 3 a 1 pela S\u00e9rie A do Campeonato Brasileiro nesta segunda-feira 10,no est\u00e1dio Serra Dourada em Goi\u00e2nia. Logo ap\u00f3s a partida o\u00a0presidente do clube catarinense, Pl\u00ednio David de Nes Filho, o Maninho, comunicou a decis\u00e3o pedir a anula\u00e7\u00e3o da partida,em entrevista concedida \u00e0 r\u00e1dio Oeste Capital, de Chapec\u00f3.<\/p>\n<p class=\"selectionShareable\">\u201cVamos entrar amanh\u00e3 (11) com pedido de cancelamento da partida contra o Goi\u00e1s. O que fizeram aqui hoje foi um absurdo\u201d, disse Maninho, confirmando que o of\u00edcio solicitando a anula\u00e7\u00e3o ser\u00e1 enviado \u00e0 Confedera\u00e7\u00e3o Brasileira de Futebol nesta ter\u00e7a-feira.<\/p>\n<p><img decoding=\"async\" src=\"https:\/\/www.gazetaesportiva.com\/wp-content\/uploads\/imagem\/2019\/06\/11\/59b81be486686.jpeg\" \/><\/p>\n<p>Maninho confirmou que pedir\u00e1 anula\u00e7\u00e3o da partida contra o Goi\u00e1s (Foto: Sirli Freitas\/Chapecoense)<\/p>\n<p class=\"selectionShareable\">O presidente da Chapecoense embasa seu pedido de anula\u00e7\u00e3o pelo primeiro p\u00eanalti marcado contra o time catarinense, de M\u00e1rcio Ara\u00fajo em L\u00e9o Sena, que contou com o aux\u00edlio do VAR e pela expuls\u00e3o de Bruno Pacheco, aos 20 minutos do segundo tempo. Segundo o dirigente, as decis\u00f5es do \u00e1rbitro Igor J\u00falio Benevenutto n\u00e3o foram corretas e n\u00e3o tiveram crit\u00e9rio.<\/p>\n<p class=\"selectionShareable\">\u201cEu fui defensor do VAR, mas \u00e9 uma vergonha. A arbitragem foi tendenciosa. Se arrependimento matasse, eu estaria morto. O juiz foi incompetente. Esse futebol est\u00e1 comprometido. H\u00e1 indiv\u00edduos despreparados. Uma arbitragem despreparada prejudicou a Chapecoense no p\u00eanalti que n\u00e3o existiu e depois ele deveria consultar o VAR no cart\u00e3o vermelho. Vai ver que ele entrou na bola e pegou o jogador depois\u201d, explicou Pl\u00ednio David Nes Filho.<\/p>\n<div class=\"in_content_banner col-lg-12\">\n<div id=\"text-53\">\n<h4 class=\"widget-title widget-\"><\/h4>\n<p>\u201cDesta maneira, a gente n\u00e3o pode fazer um futebol s\u00e9rio. O futebol est\u00e1 comprometido pela falta de compet\u00eancia. Estamos solicitando o cancelamento da partida pelos erros que ocorreram aqui no jogo de hoje. Algu\u00e9m tem que come\u00e7ar a tomar atitude. Falo do despreparo do \u00e1rbitro e de quem opera o VAR\u201d, finalizou.<\/p>\n<\/div>\n<\/div>\n<p class=\"selectionShareable\">Com a derrota para o Goi\u00e1s, a Chapecoense estacionou nos sete pontos e permaneceu fora da zona de rebaixamento, mas est\u00e1 empatada em pontos com o Fortaleza, que abre a zona do descenso. Sem muito tempo para trabalhar, o time catarinense ter\u00e1 o Fluminense, na Arena Cond\u00e1, na pr\u00f3xima quinta-feira, pela \u00faltima partida antes da parada da Copa Am\u00e9rica.<\/p>\n<p class=\"text\"><b>GOI\u00c1S 3 X 1 CHAPECOENSE<\/b><br \/>\nLocal: Serra Dourada, Goi\u00e2nia (GO)<br \/>\nData-Hora: 10\/6\/2019 &#8211; 20h<br \/>\n\u00c1rbitro: Igor Junio Benevenuto (MG)<br \/>\nAuxiliares: Celso Luiz da Silva (MG) e Ricardo Junio de Souza(MG)<br \/>\nVAR: Emerson de Almeida Ferreira (MG)<br \/>\nP\u00fablico\/renda: pagantes\/R$<br \/>\nCart\u00f5es amarelos: Geovane (GOI), (CHA)<br \/>\nCart\u00f5es vermelhos: Bruno Pacheco (CHA)<br \/>\nGols: Kayke (35&#8217;\/1\u00baT) Rafael Pereira (43&#8217;\/1\u00baT) Jefferson (32&#8217;\/2\u00baT) Kayke (44&#8217;\/2\u00baT)<\/p>\n<p class=\"text\"><b>GOI\u00c1S:<\/b>\u00a0Tadeu; Daniel Guedes, David Duarte (Rafael Vaz,aos 5\/1\u00baT), Yago e Jefferson; Geovane, Sena (Yago Felipe, aos 39\/2\u00baT) e Giovanni Augusto (Marlone, aos 33\/2\u00baT); Michael, Kayke e Leonardo Barcia. T\u00e9cnico: Claudinei Oliveira.<br \/>\n<b>CHAPECOENSE:<\/b>\u00a0Tiepo; Bryan (Diego Torres, aos 34\/2\u00baT), Gum, Rafael Pereira e Bruno Pacheco; Elicarlos, M\u00e1rcio Ara\u00fajo, Gustavo Campanharo (Renato Kayzer, aos 18\/2\u00baT), Camilo (Ernandes, aos 23\/2\u00baT) e Arthur Gomes; Everaldo. T\u00e9cnico: Ney Franco.<\/p>\n","protected":false},"excerpt":{"rendered":"<p>O Goi\u00e1s venceu a Chapecoense por 3 a 1 pela S\u00e9rie A do Campeonato Brasileiro nesta segunda-feira 10,no est\u00e1dio Serra Dourada em Goi\u00e2nia. Logo ap\u00f3s a partida o\u00a0presidente do clube catarinense, Pl\u00ednio David de Nes Filho, o Maninho, comunicou a decis\u00e3o pedir a anula\u00e7\u00e3o da partida,em entrevista concedida \u00e0 r\u00e1dio Oeste Capital, de Chapec\u00f3. \u201cVamos &hellip;<\/p>\n","protected":false},"author":3,"featured_media":48528,"comment_status":"open","ping_status":"open","sticky":false,"template":"","format":"standard","meta":{"_exactmetrics_skip_tracking":false,"_exactmetrics_sitenote_active":false,"_exactmetrics_sitenote_note":"","_exactmetrics_sitenote_category":0,"footnotes":""},"categories":[36],"tags":[],"_links":{"self":[{"href":"https:\/\/goiasemtempo.com.br\/home\/wp-json\/wp\/v2\/posts\/48527"}],"collection":[{"href":"https:\/\/goiasemtempo.com.br\/home\/wp-json\/wp\/v2\/posts"}],"about":[{"href":"https:\/\/goiasemtempo.com.br\/home\/wp-json\/wp\/v2\/types\/post"}],"author":[{"embeddable":true,"href":"https:\/\/goiasemtempo.com.br\/home\/wp-json\/wp\/v2\/users\/3"}],"replies":[{"embeddable":true,"href":"https:\/\/goiasemtempo.com.br\/home\/wp-json\/wp\/v2\/comments?post=48527"}],"version-history":[{"count":1,"href":"https:\/\/goiasemtempo.com.br\/home\/wp-json\/wp\/v2\/posts\/48527\/revisions"}],"predecessor-version":[{"id":48529,"href":"https:\/\/goiasemtempo.com.br\/home\/wp-json\/wp\/v2\/posts\/48527\/revisions\/48529"}],"wp:featuredmedia":[{"embeddable":true,"href":"https:\/\/goiasemtempo.com.br\/home\/wp-json\/wp\/v2\/media\/48528"}],"wp:attachment":[{"href":"https:\/\/goiasemtempo.com.br\/home\/wp-json\/wp\/v2\/media?parent=48527"}],"wp:term":[{"taxonomy":"category","embeddable":true,"href":"https:\/\/goiasemtempo.com.br\/home\/wp-json\/wp\/v2\/categories?post=48527"},{"taxonomy":"post_tag","embeddable":true,"href":"https:\/\/goiasemtempo.com.br\/home\/wp-json\/wp\/v2\/tags?post=48527"}],"curies":[{"name":"wp","href":"https:\/\/api.w.org\/{rel}","templated":true}]}}