{"id":48474,"date":"2019-06-06T16:41:44","date_gmt":"2019-06-06T16:41:44","guid":{"rendered":"http:\/\/goiasemtempo.com.br\/home\/?p=48474"},"modified":"2019-06-06T16:43:20","modified_gmt":"2019-06-06T16:43:20","slug":"promotorias-de-anapolis-selecionam-fiscais-para-prova-de-selecao-de-estagiarios","status":"publish","type":"post","link":"https:\/\/goiasemtempo.com.br\/home\/promotorias-de-anapolis-selecionam-fiscais-para-prova-de-selecao-de-estagiarios\/","title":{"rendered":"Promotorias de An\u00e1polis selecionam fiscais para prova de estagi\u00e1rios"},"content":{"rendered":"<p>A Coordenadoria das Promotorias de Justi\u00e7a de An\u00e1polis informa que ser\u00e1 feita no dia 10 a sele\u00e7\u00e3o de fiscais da prova referente \u00e0 91\u00ba sele\u00e7\u00e3o de estagi\u00e1rios em Direito do MP. Ser\u00e3o oferecidas oito vagas.<\/p>\n<p>Poder\u00e3o inscrever-se, preferencialmente, servidores da comarca de An\u00e1polis. Os interessados dever\u00e3o encaminhar seus nomes e cargos para o e-mail da Coordenadoria das Promotorias de Justi\u00e7a de An\u00e1polis, coord.anapolis@mpgo.mp.br.<\/p>\n<p>As mensagens dever\u00e3o ser enviadas somente no dia 10, a partir das 13 horas. Os 8 primeiros servidores que cumprirem os requisitos ser\u00e3o selecionados para o processo seletivo. Mais informa\u00e7\u00f5es pelo telefone (62) 3329-5801, com o servidor Fernando Henrique de Ara\u00fajo Lima.<\/p>\n<p>A prova da sele\u00e7\u00e3o de est\u00e1gio ser\u00e1 realizada no dia 16, das 8 \u00e0s 12 horas, em An\u00e1polis.\u00a0<em>(Texto: Victor Rodrigues \u2013 Estagi\u00e1rio da Assessoria de Comunica\u00e7\u00e3o Social do MP-GO\/ Supervis\u00e3o: Ana Cristina)<\/em><\/p>\n","protected":false},"excerpt":{"rendered":"<p>A Coordenadoria das Promotorias de Justi\u00e7a de An\u00e1polis informa que ser\u00e1 feita no dia 10 a sele\u00e7\u00e3o de fiscais da prova referente \u00e0 91\u00ba sele\u00e7\u00e3o de estagi\u00e1rios em Direito do MP. Ser\u00e3o oferecidas oito vagas. Poder\u00e3o inscrever-se, preferencialmente, servidores da comarca de An\u00e1polis. Os interessados dever\u00e3o encaminhar seus nomes e cargos para o e-mail da &hellip;<\/p>\n","protected":false},"author":3,"featured_media":48475,"comment_status":"open","ping_status":"open","sticky":false,"template":"","format":"standard","meta":{"_exactmetrics_skip_tracking":false,"_exactmetrics_sitenote_active":false,"_exactmetrics_sitenote_note":"","_exactmetrics_sitenote_category":0,"footnotes":""},"categories":[19],"tags":[],"_links":{"self":[{"href":"https:\/\/goiasemtempo.com.br\/home\/wp-json\/wp\/v2\/posts\/48474"}],"collection":[{"href":"https:\/\/goiasemtempo.com.br\/home\/wp-json\/wp\/v2\/posts"}],"about":[{"href":"https:\/\/goiasemtempo.com.br\/home\/wp-json\/wp\/v2\/types\/post"}],"author":[{"embeddable":true,"href":"https:\/\/goiasemtempo.com.br\/home\/wp-json\/wp\/v2\/users\/3"}],"replies":[{"embeddable":true,"href":"https:\/\/goiasemtempo.com.br\/home\/wp-json\/wp\/v2\/comments?post=48474"}],"version-history":[{"count":2,"href":"https:\/\/goiasemtempo.com.br\/home\/wp-json\/wp\/v2\/posts\/48474\/revisions"}],"predecessor-version":[{"id":48477,"href":"https:\/\/goiasemtempo.com.br\/home\/wp-json\/wp\/v2\/posts\/48474\/revisions\/48477"}],"wp:featuredmedia":[{"embeddable":true,"href":"https:\/\/goiasemtempo.com.br\/home\/wp-json\/wp\/v2\/media\/48475"}],"wp:attachment":[{"href":"https:\/\/goiasemtempo.com.br\/home\/wp-json\/wp\/v2\/media?parent=48474"}],"wp:term":[{"taxonomy":"category","embeddable":true,"href":"https:\/\/goiasemtempo.com.br\/home\/wp-json\/wp\/v2\/categories?post=48474"},{"taxonomy":"post_tag","embeddable":true,"href":"https:\/\/goiasemtempo.com.br\/home\/wp-json\/wp\/v2\/tags?post=48474"}],"curies":[{"name":"wp","href":"https:\/\/api.w.org\/{rel}","templated":true}]}}