{"id":48381,"date":"2019-06-04T20:03:54","date_gmt":"2019-06-04T20:03:54","guid":{"rendered":"http:\/\/goiasemtempo.com.br\/home\/?p=48381"},"modified":"2019-06-05T15:48:25","modified_gmt":"2019-06-05T15:48:25","slug":"stj-manda-medium-joao-de-deus-volte-para-a-prisao","status":"publish","type":"post","link":"https:\/\/goiasemtempo.com.br\/home\/stj-manda-medium-joao-de-deus-volte-para-a-prisao\/","title":{"rendered":"STJ manda que m\u00e9dium Jo\u00e3o de Deus volte para a pris\u00e3o"},"content":{"rendered":"<p>A Sexta Turma do Superior Tribunal de Justi\u00e7a (STJ) determinou hoje (4), por 4 votos a 1, que o m\u00e9dium Jo\u00e3o Teixeira de Farias, conhecido como Jo\u00e3o de Deus, volte para a pris\u00e3o, confirmando o fim do prazo de interna\u00e7\u00e3o dele em um hospital particular.<\/p>\n<p>Nesta ter\u00e7a-feira (4), a maioria dos ministros da Sexta Turma entendeu que Jo\u00e3o de Deus apresentou melhoras suficientes em seu quadro de sa\u00fade para justificar a continuidade de seu tratamento m\u00e9dico dentro da pris\u00e3o.<\/p>\n<p>Al\u00e9m disso, o relator do caso, ministro Nefi Cordeiro, considerou suficientemente fundamentos os dois decretos de pris\u00e3o que pesam contra Jo\u00e3o de Deus \u2013 um pelas suspeitas de que tenha cometido abusos sexuais e outro por posse ilegal de arma de fogo.<\/p>\n<p>Havia sido Cordeiro quem, em 21 de mar\u00e7o, havia autorizado pela primeira vez a sa\u00edda de Jo\u00e3o de Deus do N\u00facleo de Cust\u00f3dia de Aparecida de Goi\u00e2nia, na Regi\u00e3o Metropolitana de Goi\u00e2nia, para ser internado no Instituto de Neurologia de Goi\u00e2nia.<\/p>\n<p>Na ocasi\u00e3o,\u00a0<a href=\"http:\/\/agenciabrasil.ebc.com.br\/justica\/noticia\/2019-03\/stj-autoriza-joao-de-deus-deixar-prisao-para-tratamento-medico\" target=\"_blank\" rel=\"noopener\">Cordeiro atendeu a um pedido da defesa<\/a>, que alegou que Jo\u00e3o de Deus tem problemas de press\u00e3o arterial e um &#8220;aneurisma da aorta abdominal com dissec\u00e7\u00e3o e alto risco de ruptura&#8221;, segundo os advogados.<\/p>\n<p>A decis\u00e3o monocr\u00e1tica (individual) chegou a ser confirmada pela Sexta Turma em 11 de abril, mas agora o mesmo colegiado decidiu, assim como o relator, que a melhora no quadro de sa\u00fade do m\u00e9dium n\u00e3o justifica mais que ele fique fora da pris\u00e3o.<\/p>\n<p>Votaram junto com o relator os ministros Laurita Vaz, Rogerio Schietti Cruz e Antonio Saldanha Palheiro. Apenas o ministro Sebasti\u00e3o Reis J\u00fanior votou em contr\u00e1rio.<\/p>\n<p>Na semana passada, o advogado Alex Neder, um dos defensores de Jo\u00e3o de Deus, disse que o quadro cl\u00ednico do m\u00e9dium ainda exigia cuidados m\u00e9dicos cont\u00ednuos. Com base em relat\u00f3rios m\u00e9dicos, seus advogados alegam que ele n\u00e3o tem condi\u00e7\u00f5es de regressar \u00e0 pris\u00e3o. A\u00a0<strong>Ag\u00eancia Brasil\u00a0<\/strong>tenta contato com a defesa para que comente a decis\u00e3o desta ter\u00e7a-feira.<\/p>\n<h2>Den\u00fancias<\/h2>\n<p>Jo\u00e3o de Deus foi preso preventivamente em 16 de dezembro, acusado de ter abusado sexualmente de dezenas de frequentadoras do centro esp\u00edrita fundado por ele em Abadi\u00e2nia (GO).<\/p>\n<p>At\u00e9 o momento, o Minist\u00e9rio P\u00fablico de Goi\u00e1s (MP-GO) apresentou\u00a0<a href=\"http:\/\/agenciabrasil.ebc.com.br\/justica\/noticia\/2019-05\/mpgo-oferece-nona-denuncia-contra-joao-de-deus\" target=\"_blank\" rel=\"noopener\">nove den\u00fancias contra Jo\u00e3o de Deus<\/a>. Na mais recente, apresentada na semana passada, os promotores o acusaram de ter estuprado seis mulheres que n\u00e3o figuram em queixas apresentadas anteriormente.<\/p>\n<p>Nas demais den\u00fancias, ele \u00e9 acusado de crimes como estupro de vulner\u00e1vel e viola\u00e7\u00e3o sexual. Segundo o MP, os crimes ocorreram ao menos desde 1990, sendo interrompidos em 2018, quando as primeiras den\u00fancias foram divulgadas pela imprensa.<\/p>\n<div class=\"edicao\">Edi\u00e7\u00e3o:\u00a0<span class=\"txtJustica\">F\u00e1bio Massalli<\/span><\/div>\n","protected":false},"excerpt":{"rendered":"<p>A Sexta Turma do Superior Tribunal de Justi\u00e7a (STJ) determinou hoje (4), por 4 votos a 1, que o m\u00e9dium Jo\u00e3o Teixeira de Farias, conhecido como Jo\u00e3o de Deus, volte para a pris\u00e3o, confirmando o fim do prazo de interna\u00e7\u00e3o dele em um hospital particular. Nesta ter\u00e7a-feira (4), a maioria dos ministros da Sexta Turma &hellip;<\/p>\n","protected":false},"author":3,"featured_media":48382,"comment_status":"open","ping_status":"open","sticky":false,"template":"","format":"standard","meta":{"_exactmetrics_skip_tracking":false,"_exactmetrics_sitenote_active":false,"_exactmetrics_sitenote_note":"","_exactmetrics_sitenote_category":0,"footnotes":""},"categories":[4],"tags":[],"_links":{"self":[{"href":"https:\/\/goiasemtempo.com.br\/home\/wp-json\/wp\/v2\/posts\/48381"}],"collection":[{"href":"https:\/\/goiasemtempo.com.br\/home\/wp-json\/wp\/v2\/posts"}],"about":[{"href":"https:\/\/goiasemtempo.com.br\/home\/wp-json\/wp\/v2\/types\/post"}],"author":[{"embeddable":true,"href":"https:\/\/goiasemtempo.com.br\/home\/wp-json\/wp\/v2\/users\/3"}],"replies":[{"embeddable":true,"href":"https:\/\/goiasemtempo.com.br\/home\/wp-json\/wp\/v2\/comments?post=48381"}],"version-history":[{"count":2,"href":"https:\/\/goiasemtempo.com.br\/home\/wp-json\/wp\/v2\/posts\/48381\/revisions"}],"predecessor-version":[{"id":48390,"href":"https:\/\/goiasemtempo.com.br\/home\/wp-json\/wp\/v2\/posts\/48381\/revisions\/48390"}],"wp:featuredmedia":[{"embeddable":true,"href":"https:\/\/goiasemtempo.com.br\/home\/wp-json\/wp\/v2\/media\/48382"}],"wp:attachment":[{"href":"https:\/\/goiasemtempo.com.br\/home\/wp-json\/wp\/v2\/media?parent=48381"}],"wp:term":[{"taxonomy":"category","embeddable":true,"href":"https:\/\/goiasemtempo.com.br\/home\/wp-json\/wp\/v2\/categories?post=48381"},{"taxonomy":"post_tag","embeddable":true,"href":"https:\/\/goiasemtempo.com.br\/home\/wp-json\/wp\/v2\/tags?post=48381"}],"curies":[{"name":"wp","href":"https:\/\/api.w.org\/{rel}","templated":true}]}}