{"id":48261,"date":"2019-05-30T20:52:33","date_gmt":"2019-05-30T20:52:33","guid":{"rendered":"http:\/\/goiasemtempo.com.br\/home\/?p=48261"},"modified":"2019-06-05T15:49:06","modified_gmt":"2019-06-05T15:49:06","slug":"governo-lanca-programa-para-nordeste-centro-oeste-e-amazonia","status":"publish","type":"post","link":"https:\/\/goiasemtempo.com.br\/home\/governo-lanca-programa-para-nordeste-centro-oeste-e-amazonia\/","title":{"rendered":"Governo lan\u00e7a programa para Nordeste, Centro-Oeste e Amaz\u00f4nia"},"content":{"rendered":"<p>O governo federal lan\u00e7ou hoje (30), em Bras\u00edlia, a Pol\u00edtica Nacional de Desenvolvimento Regional (PNDR), com as divulga\u00e7\u00f5es dos planos de desenvolvimento das regi\u00f5es Nordeste, Centro-Oeste e Amaz\u00f4nia. Os planos ser\u00e3o definidos por decreto presidencial, que deve ser publicado na edi\u00e7\u00e3o desta sexta-feira (31) do\u00a0<em>Di\u00e1rio Oficial da Uni\u00e3o<\/em>. J\u00e1 a pol\u00edtica nacional ser\u00e1 institu\u00edda via projeto de lei e se baseia em seis eixos estrat\u00e9gicos focados na inova\u00e7\u00e3o tecnol\u00f3gica e capacita\u00e7\u00e3o da m\u00e3o de obra.<\/p>\n<p>Ap\u00f3s a cerim\u00f4nia de assinatura das medidas, no Pal\u00e1cio do Planalto, que contou com a participa\u00e7\u00e3o do presidente Jair Bolsonaro, ministros e parlamentares, o titular da pasta de Desenvolvimento Regional, Gustavo Canuto, destacou alguns objetivos dos planos apresentados. Veja\u00a0<a href=\"http:\/\/agenciabrasil.ebc.com.br\/assinatura-do-decreto-da-politica-nacional-de-desenvolvimento-regional\" target=\"_blank\" rel=\"noopener\">aqui<\/a>\u00a0a galeria completa de imagens.<\/p>\n<p>&#8220;A gente quer investir em infraestrutura, educa\u00e7\u00e3o e inova\u00e7\u00e3o. H\u00e1 muitas cadeias produtivas que j\u00e1 existem nessas regi\u00f5es. Biodiversidade na regi\u00e3o Amaz\u00f4nica, no Nordeste a gente tem cada voca\u00e7\u00e3o espec\u00edfica das cidades. A gente quer identificar qual o investimento priorit\u00e1rio para que essa cadeia produtiva tenha maior agrega\u00e7\u00e3o de valor, gere mais renda, mais riqueza&#8221;, explicou.<\/p>\n<p>N\u00e3o h\u00e1 recursos reservados para os projetos ainda. O que os planos regionais e a PNDR fazem \u00e9 estabelecer um planejamento de curto, m\u00e9dio e longo prazos, e os investimentos dever\u00e3o estar previstos no Plano Plurianual 2020-2023, que estabelece diretrizes para aplica\u00e7\u00e3o de recursos.<\/p>\n<div class=\"dnd-widget-wrapper context-cheio_8colunas type-image\">\n<div class=\"dnd-atom-rendered\">\n<figure class=\"mejs-fotoh-wrapper\"><img decoding=\"async\" class=\"img-responsive full full\" title=\"Valter Campanato\/Ag\u00eancia Brasil\" src=\"http:\/\/imagens.ebc.com.br\/URTIyFByo3ngjHO0Rz1nEvAD-4U=\/754x0\/smart\/http:\/\/agenciabrasil.ebc.com.br\/sites\/default\/files\/thumbnails\/image\/vac_abr_30051916409.jpg?itok=1Iou7erk\" alt=\"O presidente Jair Bolsonaro participa de cerim\u00f4nia da assinatura do decreto da Pol\u00edtica Nacional de Desenvolvimento Regional e da entrega Oficial dos Planos Regionais da Amaz\u00f4nia, do Nordeste e do Centro-Oeste, no Pal\u00e1cio do Planalto. \" \/><\/figure>\n<\/div>\n<div class=\"dnd-caption-wrapper\">\n<h6 class=\"meta\">Presidente Jair Bolsonaro participa de cerim\u00f4nia da assinatura do decreto da Pol\u00edtica Nacional de Desenvolvimento Regional e da entrega Oficial dos Planos Regionais da Amaz\u00f4nia, do Nordeste e do Centro-Oeste, no Pal\u00e1cio do Planalto &#8211;\u00a0<strong>Valter Campanato\/Ag\u00eancia Brasil<\/strong><\/h6>\n<\/div>\n<\/div>\n<p>&#8220;Serve como guia, um norte. Vai ser uma parceria com os governos dos estados, com o Parlamento, com o or\u00e7amento, com o PPA [Plano Plurianual]. Ele foi feito para embasar e planejar o PPA. \u00c9 um instrumento de planejamento&#8221;, acrescentou Canuto.<\/p>\n<p>Em nota, o Minist\u00e9rio do Desenvolvimento Regional informou que, entre os objetivos da nova Pol\u00edtica est\u00e3o a promo\u00e7\u00e3o da competitividade regional para gera\u00e7\u00e3o de emprego e renda nas pr\u00f3prias localidades, especialmente aquelas que apresentem decl\u00ednio populacional e elevadas taxas de emigra\u00e7\u00e3o. A ideia \u00e9 fortalecer uma rede de cidades polic\u00eantricas, buscando a desconcentra\u00e7\u00e3o e interioriza\u00e7\u00e3o dos recursos. &#8220;Dessa maneira, espera-se criar oportunidades em centros urbanos de m\u00e9dio porte que possam apoiar o desenvolvimento de munic\u00edpios menores em seu entorno&#8221;, diz a pasta.<\/p>\n<h2>Ineditismo<\/h2>\n<p>Em um r\u00e1pido discurso lido durante a cerim\u00f4nia, o presidente Jair Bolsonaro disse que os planos regionais de desenvolvimento cumprem um dispositivo constitucional e, por isso, representam um &#8220;marco hist\u00f3rico&#8221; para seu governo.<\/p>\n<p>&#8220;Estamos trabalhando pelo desenvolvimento e valoriza\u00e7\u00e3o de todas as regi\u00f5es do Brasil. Nesse sentido, a entrega dos planos regionais de desenvolvimento da Amaz\u00f4nia, do Centro-Oeste e Nordeste, j\u00e1 aprovados pelos respectivos conselhos deliberativos, \u00e9 ato in\u00e9dito e representa um marco hist\u00f3rico para o nosso governo, que ir\u00e1 ajudar muita gente no Brasil, a trazer benef\u00edcios e justi\u00e7a para essas regi\u00f5es&#8221;, afirmou.<\/p>\n<p>Presente ao lan\u00e7amento, o governador do Tocantins, Mauro Carlesse, comemorou a iniciativa que, segundo ele, dar\u00e1 \u00eanfase a projetos priorit\u00e1rios das regi\u00f5es. Ele citou a interliga\u00e7\u00e3o ferrovi\u00e1ria e rodovi\u00e1ria com o estado vizinho de Mato Grosso como um dos projetos previstos no planos regionais.<\/p>\n<p>&#8220;Vamos colocar uma travessia de 80 quil\u00f4metros na Ilha do Bananal, uma economia 1,2 mil quil\u00f4metros de estrada, que liga ferrovias, transforma a regi\u00e3o do Mato Grosso, do Tocantins e do Brasil&#8221;, disse.<\/p>\n<div class=\"edicao\">Edi\u00e7\u00e3o:\u00a0<span class=\"txtPolitica\">Denise Griesinger<\/span><\/div>\n","protected":false},"excerpt":{"rendered":"<p>O governo federal lan\u00e7ou hoje (30), em Bras\u00edlia, a Pol\u00edtica Nacional de Desenvolvimento Regional (PNDR), com as divulga\u00e7\u00f5es dos planos de desenvolvimento das regi\u00f5es Nordeste, Centro-Oeste e Amaz\u00f4nia. Os planos ser\u00e3o definidos por decreto presidencial, que deve ser publicado na edi\u00e7\u00e3o desta sexta-feira (31) do\u00a0Di\u00e1rio Oficial da Uni\u00e3o. J\u00e1 a pol\u00edtica nacional ser\u00e1 institu\u00edda via &hellip;<\/p>\n","protected":false},"author":3,"featured_media":48262,"comment_status":"open","ping_status":"open","sticky":false,"template":"","format":"standard","meta":{"_exactmetrics_skip_tracking":false,"_exactmetrics_sitenote_active":false,"_exactmetrics_sitenote_note":"","_exactmetrics_sitenote_category":0,"footnotes":""},"categories":[6],"tags":[],"_links":{"self":[{"href":"https:\/\/goiasemtempo.com.br\/home\/wp-json\/wp\/v2\/posts\/48261"}],"collection":[{"href":"https:\/\/goiasemtempo.com.br\/home\/wp-json\/wp\/v2\/posts"}],"about":[{"href":"https:\/\/goiasemtempo.com.br\/home\/wp-json\/wp\/v2\/types\/post"}],"author":[{"embeddable":true,"href":"https:\/\/goiasemtempo.com.br\/home\/wp-json\/wp\/v2\/users\/3"}],"replies":[{"embeddable":true,"href":"https:\/\/goiasemtempo.com.br\/home\/wp-json\/wp\/v2\/comments?post=48261"}],"version-history":[{"count":1,"href":"https:\/\/goiasemtempo.com.br\/home\/wp-json\/wp\/v2\/posts\/48261\/revisions"}],"predecessor-version":[{"id":48263,"href":"https:\/\/goiasemtempo.com.br\/home\/wp-json\/wp\/v2\/posts\/48261\/revisions\/48263"}],"wp:featuredmedia":[{"embeddable":true,"href":"https:\/\/goiasemtempo.com.br\/home\/wp-json\/wp\/v2\/media\/48262"}],"wp:attachment":[{"href":"https:\/\/goiasemtempo.com.br\/home\/wp-json\/wp\/v2\/media?parent=48261"}],"wp:term":[{"taxonomy":"category","embeddable":true,"href":"https:\/\/goiasemtempo.com.br\/home\/wp-json\/wp\/v2\/categories?post=48261"},{"taxonomy":"post_tag","embeddable":true,"href":"https:\/\/goiasemtempo.com.br\/home\/wp-json\/wp\/v2\/tags?post=48261"}],"curies":[{"name":"wp","href":"https:\/\/api.w.org\/{rel}","templated":true}]}}