{"id":48179,"date":"2019-05-28T15:55:20","date_gmt":"2019-05-28T15:55:20","guid":{"rendered":"http:\/\/goiasemtempo.com.br\/home\/?p=48179"},"modified":"2019-06-05T15:49:18","modified_gmt":"2019-06-05T15:49:18","slug":"justica-manda-goinfra-recuperar-go-114-em-flores-de-goias","status":"publish","type":"post","link":"https:\/\/goiasemtempo.com.br\/home\/justica-manda-goinfra-recuperar-go-114-em-flores-de-goias\/","title":{"rendered":"Justi\u00e7a manda Goinfra recuperar GO-114 em Flores de Goi\u00e1s"},"content":{"rendered":"<p>Atendendo pedido da Promotoria de Justi\u00e7a de Flores de Goi\u00e1s, o ju\u00edzo da comarca local concedeu, em parte, antecipa\u00e7\u00e3o de tutela para determinar \u00e0 Ag\u00eancia Goiana de Infraestrutura e Transportes (Goinfra) que realize, em 45 dias, opera\u00e7\u00e3o tapa-buracos na Rodovia GO-114, no trecho entre a cidade e o trevo da BR-020. Na a\u00e7\u00e3o civil p\u00fablica, os promotores de Justi\u00e7a Samuel Sales Fonteles e Douglas Chegury solicitaram que fosse determinado o recapeamento da massa asf\u00e1ltica, uma vez que a \u201crodovia encontra-se tomada por buracos, num avan\u00e7ado est\u00e1gio de degrada\u00e7\u00e3o, em decorr\u00eancia da omiss\u00e3o da Goinfra na deflagra\u00e7\u00e3o de manuten\u00e7\u00e3o preventiva e corretiva\u201d.<\/p>\n<p>De acordo com Minist\u00e9rio P\u00fablico de Goi\u00e1s (MP-GO), a falta de manuten\u00e7\u00e3o da rodovia causa in\u00fameros transtornos \u00e0 popula\u00e7\u00e3o local e aos usu\u00e1rios. \u201cBasta transitar num pequeno trecho desta GO para perceber que o seu pavimento n\u00e3o tem recebido, por parte do poder p\u00fablico, a manuten\u00e7\u00e3o necess\u00e1ria, estando tomada por verdadeiras crateras que dificultam o tr\u00e2nsito de ve\u00edculos automotores\u201d, afirmaram na a\u00e7\u00e3o os promotores de Justi\u00e7a. Segundo eles, a m\u00e1-conserva\u00e7\u00e3o tamb\u00e9m traz preju\u00edzos de ordem financeira aos propriet\u00e1rios de ve\u00edculos, que t\u00eam pneus e amortecedores danificados pelos constantes impactos causados pelos buracos.<\/p>\n<p>Os promotores de Justi\u00e7a relatam ainda que a quantidade de buracos coloca em risco a vida dos motoristas. \u201cBasta a exist\u00eancia de um impacto em um simples buraco para que in\u00fameras pessoas tenham suas vidas ceifadas, contando, para isto, com a constante in\u00e9rcia do Estado-administra\u00e7\u00e3o, que, por sua vez, centraliza o servi\u00e7o para suas ag\u00eancias\u201d, disseram os integrantes do MP-GO.<\/p>\n<p>Ao proferir a decis\u00e3o, o juiz Marco Ant\u00f4nio Azevedo Jacob de Ara\u00fajo explicou que determinar o recapeamento \u00e9 medida que esgota o objeto da a\u00e7\u00e3o, apresentando sinais de irreversibilidade, por se tratar de tutela satisfativa. \u201cO recapeamento consiste na substitui\u00e7\u00e3o do asfalto antigo, por novo, sendo a solu\u00e7\u00e3o definitiva para o problema analisado\u201d, explicou. No entanto, afirmou que h\u00e1 elementos suficientes para deferir a tutela provis\u00f3ria, n\u00e3o a t\u00edtulo de antecipa\u00e7\u00e3o de tutela de modo satisfativo, mas como uma \u201ctutela de urg\u00eancia de natureza cautelar, determinando que seja realizada imediata manuten\u00e7\u00e3o da camada asf\u00e1ltica, procedendo o servi\u00e7o provis\u00f3rio de preenchimento dos buracos, at\u00e9 a decis\u00e3o de m\u00e9rito definitiva\u201d, afirmou.<\/p>\n<p>O magistrado esclareceu que a determina\u00e7\u00e3o de realiza\u00e7\u00e3o tapa-buracos n\u00e3o esgota o objeto da a\u00e7\u00e3o, bem como n\u00e3o se mostra irrevers\u00edvel, \u201cuma vez que se refere a simples preenchimento emergencial dos buracos existentes, n\u00e3o se confundindo com o recapeamento, que \u00e9 solu\u00e7\u00e3o definitiva de restaura\u00e7\u00e3o da manta asf\u00e1ltica, com a substitui\u00e7\u00e3o do asfalto antigo por novo\u201d. Marco Ant\u00f4nio de Ara\u00fajo fixou multa di\u00e1ria de R$ 1 mil, limitada a cem dias, em caso de descumprimento.\u00a0<em>(Texto: Jo\u00e3o Carlos de Faria\/Assessoria de Comunica\u00e7\u00e3o Social do MP-GO &#8211; Imagem; Google Maps)<\/em><\/p>\n<div id=\"compartilhamento\">\n<div class=\"addthis_toolbox addthis_default_style\"><\/div>\n<\/div>\n","protected":false},"excerpt":{"rendered":"<p>Atendendo pedido da Promotoria de Justi\u00e7a de Flores de Goi\u00e1s, o ju\u00edzo da comarca local concedeu, em parte, antecipa\u00e7\u00e3o de tutela para determinar \u00e0 Ag\u00eancia Goiana de Infraestrutura e Transportes (Goinfra) que realize, em 45 dias, opera\u00e7\u00e3o tapa-buracos na Rodovia GO-114, no trecho entre a cidade e o trevo da BR-020. Na a\u00e7\u00e3o civil p\u00fablica, &hellip;<\/p>\n","protected":false},"author":3,"featured_media":48180,"comment_status":"open","ping_status":"open","sticky":false,"template":"","format":"standard","meta":{"_exactmetrics_skip_tracking":false,"_exactmetrics_sitenote_active":false,"_exactmetrics_sitenote_note":"","_exactmetrics_sitenote_category":0,"footnotes":""},"categories":[15],"tags":[],"_links":{"self":[{"href":"https:\/\/goiasemtempo.com.br\/home\/wp-json\/wp\/v2\/posts\/48179"}],"collection":[{"href":"https:\/\/goiasemtempo.com.br\/home\/wp-json\/wp\/v2\/posts"}],"about":[{"href":"https:\/\/goiasemtempo.com.br\/home\/wp-json\/wp\/v2\/types\/post"}],"author":[{"embeddable":true,"href":"https:\/\/goiasemtempo.com.br\/home\/wp-json\/wp\/v2\/users\/3"}],"replies":[{"embeddable":true,"href":"https:\/\/goiasemtempo.com.br\/home\/wp-json\/wp\/v2\/comments?post=48179"}],"version-history":[{"count":1,"href":"https:\/\/goiasemtempo.com.br\/home\/wp-json\/wp\/v2\/posts\/48179\/revisions"}],"predecessor-version":[{"id":48181,"href":"https:\/\/goiasemtempo.com.br\/home\/wp-json\/wp\/v2\/posts\/48179\/revisions\/48181"}],"wp:featuredmedia":[{"embeddable":true,"href":"https:\/\/goiasemtempo.com.br\/home\/wp-json\/wp\/v2\/media\/48180"}],"wp:attachment":[{"href":"https:\/\/goiasemtempo.com.br\/home\/wp-json\/wp\/v2\/media?parent=48179"}],"wp:term":[{"taxonomy":"category","embeddable":true,"href":"https:\/\/goiasemtempo.com.br\/home\/wp-json\/wp\/v2\/categories?post=48179"},{"taxonomy":"post_tag","embeddable":true,"href":"https:\/\/goiasemtempo.com.br\/home\/wp-json\/wp\/v2\/tags?post=48179"}],"curies":[{"name":"wp","href":"https:\/\/api.w.org\/{rel}","templated":true}]}}