{"id":48132,"date":"2019-05-27T18:13:35","date_gmt":"2019-05-27T18:13:35","guid":{"rendered":"http:\/\/goiasemtempo.com.br\/home\/?p=48132"},"modified":"2019-06-05T15:49:23","modified_gmt":"2019-06-05T15:49:23","slug":"vacinacao-contra-gripe-entra-na-ultima-semana","status":"publish","type":"post","link":"https:\/\/goiasemtempo.com.br\/home\/vacinacao-contra-gripe-entra-na-ultima-semana\/","title":{"rendered":"vacina\u00e7\u00e3o contra gripe entra na \u00faltima semana"},"content":{"rendered":"<p>Essa \u00e9 a \u00faltima semana de vacina\u00e7\u00e3o contra a gripe nos postos de sa\u00fade de todo o Brasil. A campanha encerra na sexta-feira (31). A imuniza\u00e7\u00e3o \u00e9 para grupos priorit\u00e1rios e integrante de for\u00e7as de seguran\u00e7a e de salvamento.<\/p>\n<p>A campanha\u00a0 come\u00e7ou no dia 10 de abril e o \u00faltimo balan\u00e7o do Minist\u00e9rio da Sa\u00fade mostra que at\u00e9 o dia 21 de maio 63% do p\u00fablico-alvo havia se vacinado.<\/p>\n<p>Devem receber a dose crian\u00e7as com idade entre 6 meses e menores de 6 anos; gr\u00e1vidas em qualquer per\u00edodo gestacional; pu\u00e9rperas (at\u00e9 45 dias ap\u00f3s o parto); trabalhadores da sa\u00fade; povos ind\u00edgenas; idosos; professores de escolas p\u00fablicas e privadas; pessoas com comorbidades e outras condi\u00e7\u00f5es cl\u00ednicas especiais; adolescentes e jovens de 12 a 21 anos sob medidas socioeducativas; funcion\u00e1rios do sistema prisional e pessoas privadas de liberdade.<\/p>\n<p>Profissionais das for\u00e7as de seguran\u00e7a e salvamento tamb\u00e9m passaram a fazer parte do p\u00fablico-alvo da campanha neste ano. Por meio de nota, o minist\u00e9rio informou que o grupo inclui policiais civis, militares, bombeiros e membros ativos das For\u00e7as Armadas, totalizando cerca de 900 mil pessoas.<\/p>\n<h2>A vacina<\/h2>\n<p>O Minist\u00e9rio da Sa\u00fade informou, em nota, que, em rela\u00e7\u00e3o ao ano passado, houve altera\u00e7\u00e3o de duas cepas na vacina. Em fun\u00e7\u00e3o da mudan\u00e7a na composi\u00e7\u00e3o, a pasta considera \u201cimprescind\u00edvel\u201d que os grupos selecionados recebam a nova dose este ano ainda que j\u00e1 tenham sido imunizados anteriormente.<\/p>\n","protected":false},"excerpt":{"rendered":"<p>Essa \u00e9 a \u00faltima semana de vacina\u00e7\u00e3o contra a gripe nos postos de sa\u00fade de todo o Brasil. A campanha encerra na sexta-feira (31). A imuniza\u00e7\u00e3o \u00e9 para grupos priorit\u00e1rios e integrante de for\u00e7as de seguran\u00e7a e de salvamento. A campanha\u00a0 come\u00e7ou no dia 10 de abril e o \u00faltimo balan\u00e7o do Minist\u00e9rio da Sa\u00fade &hellip;<\/p>\n","protected":false},"author":3,"featured_media":48133,"comment_status":"open","ping_status":"open","sticky":false,"template":"","format":"standard","meta":{"_exactmetrics_skip_tracking":false,"_exactmetrics_sitenote_active":false,"_exactmetrics_sitenote_note":"","_exactmetrics_sitenote_category":0,"footnotes":""},"categories":[16],"tags":[],"_links":{"self":[{"href":"https:\/\/goiasemtempo.com.br\/home\/wp-json\/wp\/v2\/posts\/48132"}],"collection":[{"href":"https:\/\/goiasemtempo.com.br\/home\/wp-json\/wp\/v2\/posts"}],"about":[{"href":"https:\/\/goiasemtempo.com.br\/home\/wp-json\/wp\/v2\/types\/post"}],"author":[{"embeddable":true,"href":"https:\/\/goiasemtempo.com.br\/home\/wp-json\/wp\/v2\/users\/3"}],"replies":[{"embeddable":true,"href":"https:\/\/goiasemtempo.com.br\/home\/wp-json\/wp\/v2\/comments?post=48132"}],"version-history":[{"count":1,"href":"https:\/\/goiasemtempo.com.br\/home\/wp-json\/wp\/v2\/posts\/48132\/revisions"}],"predecessor-version":[{"id":48134,"href":"https:\/\/goiasemtempo.com.br\/home\/wp-json\/wp\/v2\/posts\/48132\/revisions\/48134"}],"wp:featuredmedia":[{"embeddable":true,"href":"https:\/\/goiasemtempo.com.br\/home\/wp-json\/wp\/v2\/media\/48133"}],"wp:attachment":[{"href":"https:\/\/goiasemtempo.com.br\/home\/wp-json\/wp\/v2\/media?parent=48132"}],"wp:term":[{"taxonomy":"category","embeddable":true,"href":"https:\/\/goiasemtempo.com.br\/home\/wp-json\/wp\/v2\/categories?post=48132"},{"taxonomy":"post_tag","embeddable":true,"href":"https:\/\/goiasemtempo.com.br\/home\/wp-json\/wp\/v2\/tags?post=48132"}],"curies":[{"name":"wp","href":"https:\/\/api.w.org\/{rel}","templated":true}]}}