{"id":47870,"date":"2019-05-17T02:19:28","date_gmt":"2019-05-17T02:19:28","guid":{"rendered":"http:\/\/goiasemtempo.com.br\/home\/?p=47870"},"modified":"2019-05-17T02:19:28","modified_gmt":"2019-05-17T02:19:28","slug":"fechadas-parcerias-pelo-governo-de-goias-para-ampliar-projeto-juntos-pelo-araguaia","status":"publish","type":"post","link":"https:\/\/goiasemtempo.com.br\/home\/fechadas-parcerias-pelo-governo-de-goias-para-ampliar-projeto-juntos-pelo-araguaia\/","title":{"rendered":"Fechadas parcerias pelo governo de Goi\u00e1s para ampliar projeto \u2018Juntos Pelo Araguaia\u2019"},"content":{"rendered":"<div>O governador Ronaldo Caiado participou, na quarta-feira (15\/5), de duas agendas focadas no \u201cJuntos pelo Araguaia\u201d, projeto que j\u00e1 tem garantida a presen\u00e7a do presidente Jair Bolsonaro no lan\u00e7amento, em 5 de junho, Dia Mundial do Meio Ambiente.\u00a0 Pela manh\u00e3, em Bras\u00edlia, Caiado se reuniu com o governador do Mato Grosso, Mauro Mendes; os ministros Onyx Lorenzoni (Casa Civil), Ricardo Salles (Meio Ambiente) e Gustavo Canuto (Desenvolvimento Regional); e a secret\u00e1ria goiana de Meio Ambiente, Andr\u00e9a Vulcanis. Em pauta, a viabiliza\u00e7\u00e3o de recursos para o projeto.<\/div>\n<div><\/div>\n<div>\u00c0 tarde, em Goi\u00e2nia, o governador e o vice-governador Lincoln Tejota receberam o ator Victor Fasano acompanhado por integrantes do Instituto On\u00e7a-Pintada. O grupo trouxe a ideia de incorporar uma a\u00e7\u00e3o, j\u00e1 promovida h\u00e1 anos por ambientalistas e produtores rurais, ao programa idealizado pelo Governo de Goi\u00e1s. O objetivo \u00e9 promover uma via de m\u00e3o dupla, que contemple tanto a prote\u00e7\u00e3o ao meio ambiente quanto o incentivo ao desenvolvimento sustent\u00e1vel encabe\u00e7ado por produtores que vivem ao longo do Rio Araguaia.<\/div>\n<div><\/div>\n<div>Em Bras\u00edlia, a reuni\u00e3o teve foco na busca por recursos federais para implantar todas as medidas previstas no plano de revitaliza\u00e7\u00e3o da bacia hidrogr\u00e1fica, que ser\u00e1 feita em tr\u00eas etapas, de acordo com o \u201cJuntos Pelo Araguaia\u201d. Idealizado pelo Governo de Goi\u00e1s, o projeto conta com a parceria do Estado do Mato Grosso e conquistou apoio do Governo Federal. \u201cHouve o comprometimento do [Minist\u00e9rio] do Desenvolvimento Regional em efetivar o pagamento do projeto executivo e dos estudos de diagn\u00f3sticos, que ainda s\u00e3o necess\u00e1rios para a execu\u00e7\u00e3o da a\u00e7\u00e3o. E Ricardo Salles se comprometeu em mandar, prioritariamente, recursos de convers\u00f5es de multas do Ibama [Instituto Brasileiro do Meio Ambiente e dos Recursos Naturais Renov\u00e1veis] para o projeto Araguaia\u201d, explicou Andr\u00e9a Vulcanis.<\/div>\n<div><\/div>\n<div>O trabalho ser\u00e1 iniciado em um uma \u00e1rea de 5 mil hectares pertencente a Goi\u00e1s e outra de 5 mil do lado do Mato Grosso. O recurso para essa fase inicial est\u00e1 estimado em R$ 500 milh\u00f5es, investidos na recupera\u00e7\u00e3o de vo\u00e7orocas, constru\u00e7\u00e3o de barragens de conten\u00e7\u00e3o, curva de n\u00edvel, plantio de mudas e cercamento das \u00e1reas mais deterioradas. \u201cEstamos dando in\u00edcio a esse momento em que o Araguaia a partir desse projeto volta a respirar e n\u00e3o se afogar por tantos volumes de sedimentos que s\u00e3o jogados no leito todo ano\u201d, lembrou o governador.<\/div>\n<div><\/div>\n<div><strong>Desenvolvimento sustent\u00e1vel<\/strong><\/div>\n<div>Um dos criadores do movimento Amaz\u00f4nia para Sempre, o ator Victor Fasano trouxe sugest\u00f5es para agregar \u00e0 iniciativa do Governo de Goi\u00e1s. \u201c\u00c9 uma alegria receber uma pessoa que \u00e9 reconhecida n\u00e3o s\u00f3 como ator, mas que tamb\u00e9m trabalha pelo meio ambiente ligado \u00e0 fauna. E \u00e9 esse amor que o fez vir aqui com esse grupo da On\u00e7a-Pintada\u201d, destacou Caiado.<\/div>\n<div><\/div>\n<div>Segundo Fasano, que se empenha pela defesa da Amaz\u00f4nia, a ideia \u00e9 agregar o projeto Alian\u00e7a On\u00e7a-Pintada ao programa goiano. A a\u00e7\u00e3o apresentada pelo ator \u00e9 formada por ambientalistas e produtores e visa agregar valor \u00e0 produ\u00e7\u00e3o pecu\u00e1ria que aliam produ\u00e7\u00e3o \u00e0 prote\u00e7\u00e3o da on\u00e7a, que tem como corredor quase toda a extens\u00e3o do Rio Araguaia.<\/div>\n<div><\/div>\n<div>\u201cA ideia \u00e9 certificar produtos agr\u00edcolas com a On\u00e7a-Pintada para mostrar os produtores que protegem esses animais, aproveitar esse s\u00edmbolo e efetivar esse corredor que j\u00e1 vem sendo proposto h\u00e1 tantos anos\u201d, explicou.\u00a0 Para o ator, proteger o corredor \u00e9 proteger o pr\u00f3prio rio e a sustentabilidade entre produtores rurais, ambientalistas e os produtos do meio ambiente. \u00c9 a promo\u00e7\u00e3o de uma economia sustent\u00e1vel em toda extens\u00e3o do Rio Araguaia. \u201cPor isso que viemos pedir e colaborar, porque voc\u00eas j\u00e1 t\u00eam um projeto similar\u201d, pontuou o artista.<\/div>\n<div><\/div>\n<div>O presidente do Instituto On\u00e7a-Pintada, Leandro Silveira, ressaltou que o Rio Araguaia \u00e9 o melhor corredor ecol\u00f3gico que os animais t\u00eam no Brasil. Liga o bioma Cerrado com a Amaz\u00f4nia. \u201cDa nascente, que est\u00e1 pr\u00f3xima de nossa sede, em Mineiros, at\u00e9 a foz, onde sai para o mar, s\u00e3o 3 mil quil\u00f4metros de rio. E esse rio acaba sendo um grande carregador para as on\u00e7as. Ele viabiliza a troca gen\u00e9tica das on\u00e7as da Amaz\u00f4nia com as do Cerrado\u201d, destacou Silveira.<\/div>\n<div><\/div>\n<div>O diretor de pol\u00edticas p\u00fablicas do Instituto On\u00e7a-Pintada, Fabiano Melo, explicou que o contexto de trabalho conjunto entre os governos de Goi\u00e1s, Mato Grosso e a Uni\u00e3o \u00e9 muito favor\u00e1vel para tornar concreto o corredor Araguaia. \u201cO Araguaia tem papel crucial porque ele conecta os maiores biomas do Brasil, que \u00e9 a Floresta Amaz\u00f4nica e est\u00e1 pr\u00f3ximo do Bioma Mata Atl\u00e2ntica. Temos uma oportunidade \u00fanica de trabalhar a conserva\u00e7\u00e3o de biodiversidade de modo geral, e particularmente, desenvolver projetos excelentes que envolvem as pessoas, fauna e, particularmente, a economia local. \u00c9 um projeto bel\u00edssimo, que tem tudo para dar certo e ser modelo mundial de conserva\u00e7\u00e3o. Tenho plena certeza\u201d, elogiou.<\/div>\n<div><\/div>\n<div>\u201cPodem ter certeza que ao trazer sugest\u00f5es, o Governo de Goi\u00e1s tem total interesse. Lutamos pela preserva\u00e7\u00e3o da fauna e tenham o compromisso de que iremos recuperar as nascentes, c\u00f3rregos e rios ao longo do Araguaia\u201d, garantiu o governador Ronaldo Caiado. Ficou acertado que o vice-governador Lincoln Tejota, que tem um grupo de trabalho, ir\u00e1 acompanhar os projetos apresentados pelo Instituto On\u00e7a-Pintada. \u201cTemos um trabalho que \u00e9 bem semelhante. Acredito que voc\u00eas podem nos ajudar e n\u00f3s, logicamente, tamb\u00e9m vamos ajudar voc\u00eas\u201d, assegurou o vice-governador.<\/div>\n","protected":false},"excerpt":{"rendered":"<p>O governador Ronaldo Caiado participou, na quarta-feira (15\/5), de duas agendas focadas no \u201cJuntos pelo Araguaia\u201d, projeto que j\u00e1 tem garantida a presen\u00e7a do presidente Jair Bolsonaro no lan\u00e7amento, em 5 de junho, Dia Mundial do Meio Ambiente.\u00a0 Pela manh\u00e3, em Bras\u00edlia, Caiado se reuniu com o governador do Mato Grosso, Mauro Mendes; os ministros &hellip;<\/p>\n","protected":false},"author":3,"featured_media":47871,"comment_status":"open","ping_status":"open","sticky":false,"template":"","format":"standard","meta":{"_exactmetrics_skip_tracking":false,"_exactmetrics_sitenote_active":false,"_exactmetrics_sitenote_note":"","_exactmetrics_sitenote_category":0,"footnotes":""},"categories":[15],"tags":[],"_links":{"self":[{"href":"https:\/\/goiasemtempo.com.br\/home\/wp-json\/wp\/v2\/posts\/47870"}],"collection":[{"href":"https:\/\/goiasemtempo.com.br\/home\/wp-json\/wp\/v2\/posts"}],"about":[{"href":"https:\/\/goiasemtempo.com.br\/home\/wp-json\/wp\/v2\/types\/post"}],"author":[{"embeddable":true,"href":"https:\/\/goiasemtempo.com.br\/home\/wp-json\/wp\/v2\/users\/3"}],"replies":[{"embeddable":true,"href":"https:\/\/goiasemtempo.com.br\/home\/wp-json\/wp\/v2\/comments?post=47870"}],"version-history":[{"count":1,"href":"https:\/\/goiasemtempo.com.br\/home\/wp-json\/wp\/v2\/posts\/47870\/revisions"}],"predecessor-version":[{"id":47872,"href":"https:\/\/goiasemtempo.com.br\/home\/wp-json\/wp\/v2\/posts\/47870\/revisions\/47872"}],"wp:featuredmedia":[{"embeddable":true,"href":"https:\/\/goiasemtempo.com.br\/home\/wp-json\/wp\/v2\/media\/47871"}],"wp:attachment":[{"href":"https:\/\/goiasemtempo.com.br\/home\/wp-json\/wp\/v2\/media?parent=47870"}],"wp:term":[{"taxonomy":"category","embeddable":true,"href":"https:\/\/goiasemtempo.com.br\/home\/wp-json\/wp\/v2\/categories?post=47870"},{"taxonomy":"post_tag","embeddable":true,"href":"https:\/\/goiasemtempo.com.br\/home\/wp-json\/wp\/v2\/tags?post=47870"}],"curies":[{"name":"wp","href":"https:\/\/api.w.org\/{rel}","templated":true}]}}