{"id":47861,"date":"2019-05-17T01:22:55","date_gmt":"2019-05-17T01:22:55","guid":{"rendered":"http:\/\/goiasemtempo.com.br\/home\/?p=47861"},"modified":"2019-06-05T15:46:01","modified_gmt":"2019-06-05T15:46:01","slug":"poluidores-visuais-em-anapolis-serao-multados-ja-neste-mes-de-maio","status":"publish","type":"post","link":"https:\/\/goiasemtempo.com.br\/home\/poluidores-visuais-em-anapolis-serao-multados-ja-neste-mes-de-maio\/","title":{"rendered":"Poluidores visuais em An\u00e1polis ser\u00e3o multados j\u00e1 neste m\u00eas de maio"},"content":{"rendered":"<p>Os poluidores de pontos de \u00f4nibus, placas de sinaliza\u00e7\u00e3o de tr\u00e2nsito e postes ser\u00e3o multados em An\u00e1polis a partir deste m\u00eas, segundo informa\u00e7\u00e3o do secret\u00e1rio Geraldo Lino (Fazenda).<\/p>\n<p>Em a\u00e7\u00e3o que envolve a Divis\u00e3o de Posturas, CMTT, URBAN e secretaria da Fazenda, com apoio do Minist\u00e9rio P\u00fablico, os nomes dos poluidores est\u00e3o sendo levantados para o in\u00edcio da notifica\u00e7\u00e3o. Posteriormente ser\u00e3o lan\u00e7adas as multas que, na hip\u00f3tese de n\u00e3o quitadas, resultar\u00e3o na negativa\u00e7\u00e3o do respons\u00e1vel pelo ato poluidor.<\/p>\n<p>Est\u00e3o na mira dos \u00f3rg\u00e3os fiscalizadores os moto-taxistas, prestadores de servi\u00e7os em geral e astr\u00f3logos que habitualmente colocam cartazes nos pontos de \u00f4nibus ou postes anunciando seus servi\u00e7os. Para facilitar a localiza\u00e7\u00e3o pelos clientes os poluidores fornecem n\u00famero de telefone &#8211; uma pista importante que os fiscais utilizam para levantar nomes e endere\u00e7os das pessoas que agridem o visual de An\u00e1polis.<\/p>\n<p>Geraldo Lino informou que a a\u00e7\u00e3o tem base legal, os primeiros passos foram dados para assegurar evitar a polui\u00e7\u00e3o visual de An\u00e1polis.<\/p>\n<p>Por: Marcus Vinicius Isaac<\/p>\n","protected":false},"excerpt":{"rendered":"<p>Os poluidores de pontos de \u00f4nibus, placas de sinaliza\u00e7\u00e3o de tr\u00e2nsito e postes ser\u00e3o multados em An\u00e1polis a partir deste m\u00eas, segundo informa\u00e7\u00e3o do secret\u00e1rio Geraldo Lino (Fazenda). Em a\u00e7\u00e3o que envolve a Divis\u00e3o de Posturas, CMTT, URBAN e secretaria da Fazenda, com apoio do Minist\u00e9rio P\u00fablico, os nomes dos poluidores est\u00e3o sendo levantados para &hellip;<\/p>\n","protected":false},"author":3,"featured_media":47862,"comment_status":"open","ping_status":"open","sticky":false,"template":"","format":"standard","meta":{"_exactmetrics_skip_tracking":false,"_exactmetrics_sitenote_active":false,"_exactmetrics_sitenote_note":"","_exactmetrics_sitenote_category":0,"footnotes":""},"categories":[4],"tags":[],"_links":{"self":[{"href":"https:\/\/goiasemtempo.com.br\/home\/wp-json\/wp\/v2\/posts\/47861"}],"collection":[{"href":"https:\/\/goiasemtempo.com.br\/home\/wp-json\/wp\/v2\/posts"}],"about":[{"href":"https:\/\/goiasemtempo.com.br\/home\/wp-json\/wp\/v2\/types\/post"}],"author":[{"embeddable":true,"href":"https:\/\/goiasemtempo.com.br\/home\/wp-json\/wp\/v2\/users\/3"}],"replies":[{"embeddable":true,"href":"https:\/\/goiasemtempo.com.br\/home\/wp-json\/wp\/v2\/comments?post=47861"}],"version-history":[{"count":1,"href":"https:\/\/goiasemtempo.com.br\/home\/wp-json\/wp\/v2\/posts\/47861\/revisions"}],"predecessor-version":[{"id":47863,"href":"https:\/\/goiasemtempo.com.br\/home\/wp-json\/wp\/v2\/posts\/47861\/revisions\/47863"}],"wp:featuredmedia":[{"embeddable":true,"href":"https:\/\/goiasemtempo.com.br\/home\/wp-json\/wp\/v2\/media\/47862"}],"wp:attachment":[{"href":"https:\/\/goiasemtempo.com.br\/home\/wp-json\/wp\/v2\/media?parent=47861"}],"wp:term":[{"taxonomy":"category","embeddable":true,"href":"https:\/\/goiasemtempo.com.br\/home\/wp-json\/wp\/v2\/categories?post=47861"},{"taxonomy":"post_tag","embeddable":true,"href":"https:\/\/goiasemtempo.com.br\/home\/wp-json\/wp\/v2\/tags?post=47861"}],"curies":[{"name":"wp","href":"https:\/\/api.w.org\/{rel}","templated":true}]}}