{"id":47677,"date":"2019-05-09T15:08:09","date_gmt":"2019-05-09T15:08:09","guid":{"rendered":"http:\/\/goiasemtempo.com.br\/home\/?p=47677"},"modified":"2019-05-09T15:11:45","modified_gmt":"2019-05-09T15:11:45","slug":"comissao-aprova-transferencia-do-coaf-para-o-ministerio-da-economia","status":"publish","type":"post","link":"https:\/\/goiasemtempo.com.br\/home\/comissao-aprova-transferencia-do-coaf-para-o-ministerio-da-economia\/","title":{"rendered":"Comiss\u00e3o aprova transfer\u00eancia do Coaf para o Minist\u00e9rio da Economia"},"content":{"rendered":"<p>Por 14 votos a 11,\u00a0a comiss\u00e3o especial mista que analisa a Medida Provis\u00f3ria da Reforma Administrativa (MP 870\/19)\u00a0decidiu\u00a0tirar o Conselho de Controle de Atividades Financeiras (Coaf) do Minist\u00e9rio da Justi\u00e7a e Seguran\u00e7a P\u00fablica e transferi-lo para o Minist\u00e9rio da Economia.<\/p>\n<p>A perman\u00eancia do Coaf na pasta comandada por\u00a0Sergio Moro\u00a0<a href=\"http:\/\/agenciabrasil.ebc.com.br\/politica\/noticia\/2019-05\/moro-diz-que-manter-o-coaf-no-ministerio-da-justica-e-estrategico\" target=\"_blank\" rel=\"noopener\">era defendida pelo ministro<\/a>. A mudan\u00e7a teve o apoio dos partidos do chamado centr\u00e3o\u00a0(DEM, PP, PSD, PR, PTB, PRB, Pros, Podemos e Solidariedade)\u00a0e da oposi\u00e7\u00e3o.<\/p>\n<p>Criado em 1998, no \u00e2mbito do Minist\u00e9rio da Fazenda, o Coaf \u00e9 uma \u00f3rg\u00e3o de intelig\u00eancia financeira do governo federal que atua principalmente na preven\u00e7\u00e3o e no combate \u00e0 lavagem de dinheiro.<\/p>\n<h2>Demarca\u00e7\u00e3o<\/h2>\n<p>A comiss\u00e3o tamb\u00e9m aprovou, por 15 votos a 9,\u00a0emenda para que\u00a0a demarca\u00e7\u00e3o de terras deixe de ser uma atribui\u00e7\u00e3o do Minist\u00e9rio da\u00a0Agricultura (Mapa). Os\u00a0parlamentares decidiram\u00a0suprimir do texto\u00a0da MP o trecho que transferia\u00a0essa responsabilidade ao Mapa.\u00a0O retorno da Funda\u00e7\u00e3o Nacional do \u00cdndio (Funai) ao Minist\u00e9rio da Justi\u00e7a j\u00e1 estava previsto no relat\u00f3rio do l\u00edder de governo no Senado,\u00a0Fernando Bezerra Coelho\u00a0(MDB-PE),\u00a0<a href=\"http:\/\/agenciabrasil.ebc.com.br\/politica\/noticia\/2019-05\/relatorio-da-reforma-administrativa-mantem-coaf-e-funai-no-mj\" target=\"_blank\" rel=\"noopener\">apresentado\u00a0na \u00faltima\u00a0ter\u00e7a-feira\u00a0(7)<\/a>. Com a nova emenda, a demarca\u00e7\u00e3o de terras voltar\u00e1 a ser responsabilidade da Funai.<\/p>\n<h2>Tramita\u00e7\u00e3o<\/h2>\n<p>A vota\u00e7\u00e3o desta\u00a0quinta-feira foi apenas a primeira etapa da MP que trata da reforma administrativa. As mudan\u00e7as aprovadas\u00a0hoje\u00a0ainda precisam ser tamb\u00e9m aprovadas pelo plen\u00e1rio da C\u00e2mara e depois pelo do Senado. Para n\u00e3o expirar, o texto de convers\u00e3o da medida provis\u00f3ria precisa ser\u00a0ter\u00a0a vota\u00e7\u00e3o conclu\u00edda nas duas Casas at\u00e9 o dia\u00a03 de junho.<\/p>\n","protected":false},"excerpt":{"rendered":"<p>Por 14 votos a 11,\u00a0a comiss\u00e3o especial mista que analisa a Medida Provis\u00f3ria da Reforma Administrativa (MP 870\/19)\u00a0decidiu\u00a0tirar o Conselho de Controle de Atividades Financeiras (Coaf) do Minist\u00e9rio da Justi\u00e7a e Seguran\u00e7a P\u00fablica e transferi-lo para o Minist\u00e9rio da Economia. A perman\u00eancia do Coaf na pasta comandada por\u00a0Sergio Moro\u00a0era defendida pelo ministro. A mudan\u00e7a teve &hellip;<\/p>\n","protected":false},"author":3,"featured_media":47681,"comment_status":"open","ping_status":"open","sticky":false,"template":"","format":"standard","meta":{"_exactmetrics_skip_tracking":false,"_exactmetrics_sitenote_active":false,"_exactmetrics_sitenote_note":"","_exactmetrics_sitenote_category":0,"footnotes":""},"categories":[4],"tags":[],"_links":{"self":[{"href":"https:\/\/goiasemtempo.com.br\/home\/wp-json\/wp\/v2\/posts\/47677"}],"collection":[{"href":"https:\/\/goiasemtempo.com.br\/home\/wp-json\/wp\/v2\/posts"}],"about":[{"href":"https:\/\/goiasemtempo.com.br\/home\/wp-json\/wp\/v2\/types\/post"}],"author":[{"embeddable":true,"href":"https:\/\/goiasemtempo.com.br\/home\/wp-json\/wp\/v2\/users\/3"}],"replies":[{"embeddable":true,"href":"https:\/\/goiasemtempo.com.br\/home\/wp-json\/wp\/v2\/comments?post=47677"}],"version-history":[{"count":1,"href":"https:\/\/goiasemtempo.com.br\/home\/wp-json\/wp\/v2\/posts\/47677\/revisions"}],"predecessor-version":[{"id":47678,"href":"https:\/\/goiasemtempo.com.br\/home\/wp-json\/wp\/v2\/posts\/47677\/revisions\/47678"}],"wp:featuredmedia":[{"embeddable":true,"href":"https:\/\/goiasemtempo.com.br\/home\/wp-json\/wp\/v2\/media\/47681"}],"wp:attachment":[{"href":"https:\/\/goiasemtempo.com.br\/home\/wp-json\/wp\/v2\/media?parent=47677"}],"wp:term":[{"taxonomy":"category","embeddable":true,"href":"https:\/\/goiasemtempo.com.br\/home\/wp-json\/wp\/v2\/categories?post=47677"},{"taxonomy":"post_tag","embeddable":true,"href":"https:\/\/goiasemtempo.com.br\/home\/wp-json\/wp\/v2\/tags?post=47677"}],"curies":[{"name":"wp","href":"https:\/\/api.w.org\/{rel}","templated":true}]}}