{"id":47638,"date":"2019-05-08T13:23:41","date_gmt":"2019-05-08T13:23:41","guid":{"rendered":"http:\/\/goiasemtempo.com.br\/home\/?p=47638"},"modified":"2019-05-08T13:23:41","modified_gmt":"2019-05-08T13:23:41","slug":"weintraub-nega-cortes-em-universidades-e-defende-educacao-basica","status":"publish","type":"post","link":"https:\/\/goiasemtempo.com.br\/home\/weintraub-nega-cortes-em-universidades-e-defende-educacao-basica\/","title":{"rendered":"Weintraub nega cortes em universidades e defende educa\u00e7\u00e3o b\u00e1sica"},"content":{"rendered":"<p>O ministro da Educa\u00e7\u00e3o, Abraham Weintraub, negou nesta ter\u00e7a-feira (7) que tenha havido cortes na verba das universidades federais. Segundo ele, o que houve foi um contingenciamento. \u201cN\u00e3o houve corte, n\u00e3o h\u00e1 corte. H\u00e1 um contingenciamento. Se a economia\u00a0tiver um crescimento com a aprova\u00e7\u00e3o da nova Previd\u00eancia, e eu acredito nisso, isso vai retomar a economia. Retomando a din\u00e2mica, aumenta a arrecada\u00e7\u00e3o e descontigencia\u201d, garantiu ao ser questionado na Comiss\u00e3o e Educa\u00e7\u00e3o do Senado sobre o an\u00fancio feito na semana passada de bloqueio de 30% da verba de institui\u00e7\u00f5es federais de ensino superior.<\/p>\n<p>Weintraub se disse surpreso com a repercuss\u00e3o da decis\u00e3o e defendeu o contingenciamento que, segundo ele, \u00e9 sobre \u201cuma parte pequena do volume total de despesas\u201d, que atinge apenas a parte discricion\u00e1ria das universidades federais: \u201cA\u00a0folha de pagamento e o refeit\u00f3rio est\u00e3o integralmente preservados\u201d. Ele disse ainda que as 65 universidades federais custam, em m\u00e9dia, R$ 1 bilh\u00e3o por ano.<\/p>\n<p>O ministro\u00a0disse que pretende dar mais autonomia \u00e0s universidades, mas que isso n\u00e3o pode\u00a0ser confundido com apoio ao que chamou de \u201csoberania\u201d dessas institui\u00e7\u00f5es. Nesse sentido, ele criticou o uso de drogas dentro de universidades p\u00fablicas e defendeu a entrada da pol\u00edcia nos\u00a0<em>campi<\/em>\u00a0universit\u00e1rios para combater o consumo de subst\u00e2ncias il\u00edcitas. \u201cA autonomia universit\u00e1ria n\u00e3o \u00e9 soberania\u201d, disse. \u201cSe tem coisa acontecendo dentro, por que a pol\u00edcia n\u00e3o pode entrar [nas universidades]? N\u00e3o tem que ter consumo de drogas, est\u00e1 errado. Sou contra isso\u201d, afirmou.<\/p>\n<div class=\"dnd-widget-wrapper context-cheio_8colunas type-image\">\n<div class=\"dnd-atom-rendered\">\n<figure class=\"mejs-fotoh-wrapper\"><img decoding=\"async\" class=\"img-responsive full full\" title=\"Marcelo Camargo\/Ag\u00eancia Brasil\" src=\"http:\/\/imagens.ebc.com.br\/ka3V_J1plZovPuD_2pYO2eFqWUs=\/754x0\/smart\/http:\/\/agenciabrasil.ebc.com.br\/sites\/default\/files\/thumbnails\/image\/mcmgo_abr_070520194062df.jpg?itok=pQ7IWsXL\" alt=\" O ministro da Educa\u00e7\u00e3o, Abraham Weintraub, durante audi\u00eancia p\u00fablica na Comiss\u00e3o de Educa\u00e7\u00e3o, Cultura e Esporte do Senado.\" \/><\/figure>\n<\/div>\n<div class=\"dnd-caption-wrapper\">\n<h6 class=\"meta\">O ministro da Educa\u00e7\u00e3o, Abraham Weintraub, durante audi\u00eancia p\u00fablica na Comiss\u00e3o de Educa\u00e7\u00e3o, Cultura e Esporte do Senado &#8211;\u00a0<strong>Marcelo Camargo\/Ag\u00eancia Brasil<\/strong><\/h6>\n<\/div>\n<\/div>\n<h2>Educa\u00e7\u00e3o b\u00e1sica<\/h2>\n<p>Ao falar sobre os desafios do MEC, Weintraub enfatizou que a educa\u00e7\u00e3o b\u00e1sica ser\u00e1 a prioridade da pasta. \u201cA gente aqui no Brasil quis pular etapas, colocou dinheiro demais no teto e esqueceu a base\u201d, disse.<\/p>\n<p>As diretrizes apontadas no \u00e2mbito do Plano Nacional de Educa\u00e7\u00e3o (PNE) incluem alfabetiza\u00e7\u00e3o, investimentos no ensino m\u00e9dio e valoriza\u00e7\u00e3o do ensino t\u00e9cnico. Weintraub defendeu ainda que o governo descentralize as tomadas de decis\u00e3o da \u00e1rea. \u201cOs her\u00f3is da alfabetiza\u00e7\u00e3o est\u00e3o l\u00e1 na ponta, nas cidades\u201d, disse ao ressaltar que os alfabetizadores precisam voltar a ser respeitados.<\/p>\n<h2>Humanas X Exatas<\/h2>\n<p>Weintraub tamb\u00e9m falou sobre a decis\u00e3o de reduzir investimentos na \u00e1rea de humanas e priorizar as disciplinas de exatas e biol\u00f3gicas, como engenharia e medicina. Segundo ele, a decis\u00e3o est\u00e1 baseada em n\u00fameros e crit\u00e9rios t\u00e9cnicos.<\/p>\n<p>Weintraub disse que apenas 13% da produ\u00e7\u00e3o na \u00e1rea de Ci\u00eancias Sociais Aplicadas, Humanas e Lingu\u00edstica t\u00eam impacto cient\u00edfico. Ainda assim, segundo ele, a maioria das bolsas da Coordena\u00e7\u00e3o de Aperfei\u00e7oamento de Pessoal de N\u00edvel Superior (Capes) s\u00e3o de estudantes da \u00e1rea de Humanas. &#8220;Gente que \u00e9 paga para estudar&#8221;, disse acrescentando que, na maioria dos casos, esse investimento n\u00e3o traz retorno efetivo ao pa\u00eds.<\/p>\n<p>O ministro se colocou \u00e0 disposi\u00e7\u00e3o para debater o tema &#8220;de peito aberto&#8221; com o Congresso e disse que o MEC n\u00e3o quer impor nada a ningu\u00e9m: &#8220;o di\u00e1logo tem que ser feito com base em n\u00fameros, dados e premissas racionais. [Espero] que a gente se livre um pouco dos preconceitos\u201d.<\/p>\n<h2>Fies<\/h2>\n<p>Sobre o programa de financiamento estudantil (Fies) o ministro voltou a dizer que o dinheiro investido pelos governos anteriores serviu para inflar os cursos de gradua\u00e7\u00e3o nas institui\u00e7\u00f5es privadas. Na avalia\u00e7\u00e3o de Weintraub, o programa fez com que os alunos criassem d\u00edvidas e ficassem sem emprego.\u00a0\u201c\u00c9 uma trag\u00e9dia o financiamento estudantil. S\u00e3o 500 mil jovens come\u00e7ando a vida com o nome sujo\u201c, criticou.<\/p>\n","protected":false},"excerpt":{"rendered":"<p>O ministro da Educa\u00e7\u00e3o, Abraham Weintraub, negou nesta ter\u00e7a-feira (7) que tenha havido cortes na verba das universidades federais. Segundo ele, o que houve foi um contingenciamento. \u201cN\u00e3o houve corte, n\u00e3o h\u00e1 corte. H\u00e1 um contingenciamento. Se a economia\u00a0tiver um crescimento com a aprova\u00e7\u00e3o da nova Previd\u00eancia, e eu acredito nisso, isso vai retomar a &hellip;<\/p>\n","protected":false},"author":3,"featured_media":47639,"comment_status":"open","ping_status":"open","sticky":false,"template":"","format":"standard","meta":{"_exactmetrics_skip_tracking":false,"_exactmetrics_sitenote_active":false,"_exactmetrics_sitenote_note":"","_exactmetrics_sitenote_category":0,"footnotes":""},"categories":[25],"tags":[],"_links":{"self":[{"href":"https:\/\/goiasemtempo.com.br\/home\/wp-json\/wp\/v2\/posts\/47638"}],"collection":[{"href":"https:\/\/goiasemtempo.com.br\/home\/wp-json\/wp\/v2\/posts"}],"about":[{"href":"https:\/\/goiasemtempo.com.br\/home\/wp-json\/wp\/v2\/types\/post"}],"author":[{"embeddable":true,"href":"https:\/\/goiasemtempo.com.br\/home\/wp-json\/wp\/v2\/users\/3"}],"replies":[{"embeddable":true,"href":"https:\/\/goiasemtempo.com.br\/home\/wp-json\/wp\/v2\/comments?post=47638"}],"version-history":[{"count":1,"href":"https:\/\/goiasemtempo.com.br\/home\/wp-json\/wp\/v2\/posts\/47638\/revisions"}],"predecessor-version":[{"id":47640,"href":"https:\/\/goiasemtempo.com.br\/home\/wp-json\/wp\/v2\/posts\/47638\/revisions\/47640"}],"wp:featuredmedia":[{"embeddable":true,"href":"https:\/\/goiasemtempo.com.br\/home\/wp-json\/wp\/v2\/media\/47639"}],"wp:attachment":[{"href":"https:\/\/goiasemtempo.com.br\/home\/wp-json\/wp\/v2\/media?parent=47638"}],"wp:term":[{"taxonomy":"category","embeddable":true,"href":"https:\/\/goiasemtempo.com.br\/home\/wp-json\/wp\/v2\/categories?post=47638"},{"taxonomy":"post_tag","embeddable":true,"href":"https:\/\/goiasemtempo.com.br\/home\/wp-json\/wp\/v2\/tags?post=47638"}],"curies":[{"name":"wp","href":"https:\/\/api.w.org\/{rel}","templated":true}]}}