{"id":47618,"date":"2019-05-07T20:05:36","date_gmt":"2019-05-07T20:05:36","guid":{"rendered":"http:\/\/goiasemtempo.com.br\/home\/?p=47618"},"modified":"2019-05-07T20:05:36","modified_gmt":"2019-05-07T20:05:36","slug":"museu-nacional-resgata-200-pecas-de-sua-colecao-egipcia","status":"publish","type":"post","link":"https:\/\/goiasemtempo.com.br\/home\/museu-nacional-resgata-200-pecas-de-sua-colecao-egipcia\/","title":{"rendered":"Museu Nacional resgata 200 pe\u00e7as de sua cole\u00e7\u00e3o eg\u00edpcia"},"content":{"rendered":"<p>A sacerdotisa eg\u00edpcia Sha-Amun-em-Su foi mumificada e sepultada em um sarc\u00f3fago por volta do ano 750 a.c., e seu caix\u00e3o ficou lacrado at\u00e9 2 de setembro de 2018, quando o\u00a0<a href=\"http:\/\/agenciabrasil.ebc.com.br\/geral\/noticia\/2018-09\/incendio-atinge-museu-nacional-no-rio-de-janeiro\" target=\"_blank\" rel=\"noopener\">inc\u00eandio do Museu Nacional destruiu parte da maior cole\u00e7\u00e3o eg\u00edpcia da Am\u00e9rica Latina<\/a>. Recebida do soberano eg\u00edpcio por Dom Pedro II, a m\u00famia era a favorita do imperador, e ficava em seu escrit\u00f3rio, no pal\u00e1cio que passou a abrigar o Museu Nacional com o fim do Imp\u00e9rio. Se as chamas destru\u00edram o caix\u00e3o de madeira policromado e parte dos restos mortais da sacerdotisa, elas tamb\u00e9m revelaram nove amuletos que haviam sido vistos pela \u00faltima vez por quem lacrou o caix\u00e3o de Sha-Amum-em-Su.<\/p>\n<p>As pe\u00e7as foram apresentadas hoje (7) por pesquisadores do Museu Nacional, que j\u00e1 resgataram cerca de 200 dos mais de 700 itens da cole\u00e7\u00e3o eg\u00edpcia do Museu Nacional. O trabalho de 100 pesquisadores, t\u00e9cnicos, alunos e colaboradores de outras institui\u00e7\u00f5es vem revelando que, ao contr\u00e1rio do que sugeriam as primeiras impress\u00f5es sobre o desastre, muito ainda pode ser salvo da \u00e1rea destru\u00edda pelo fogo e pelo desmoronamento dos tr\u00eas andares do Pa\u00e7o S\u00e3o Crist\u00f3v\u00e3o, pal\u00e1cio que serviu de resid\u00eancia \u00e0 Fam\u00edlia Real at\u00e9 o fim do Imp\u00e9rio.<\/p>\n<div class=\"dnd-widget-wrapper context-cheio_8colunas type-image\">\n<div class=\"dnd-atom-rendered\">\n<figure class=\"mejs-fotoh-wrapper\"><img decoding=\"async\" class=\"img-responsive full full\" title=\"Tomaz Silva\/Ag\u00eancia Brasil\" src=\"http:\/\/imagens.ebc.com.br\/6H3AAiqYVTts8NkzkK444H_IT2o=\/754x0\/smart\/http:\/\/agenciabrasil.ebc.com.br\/sites\/default\/files\/thumbnails\/image\/tmazs_abr_07051915186rj.jpg?itok=Lb1MGktQ\" alt=\"Museu Nacional apresenta pe\u00e7as da cole\u00e7\u00e3o eg\u00edpcia resgatadas dos escombros da institui\u00e7\u00e3o. \" \/><\/figure>\n<\/div>\n<div class=\"dnd-caption-wrapper\">\n<div class=\"meta\">Museu Nacional apresenta pe\u00e7as da cole\u00e7\u00e3o eg\u00edpcia resgatadas dos escombros da institui\u00e7\u00e3o &#8211;\u00a0<strong>Tomaz Silva\/Ag\u00eancia Brasil<\/strong><\/div>\n<\/div>\n<\/div>\n<p>As 200 pe\u00e7as da cole\u00e7\u00e3o eg\u00edpcia s\u00e3o apenas uma parte das 2,7 mil pe\u00e7as j\u00e1 resgatadas do pal\u00e1cio. Uma das coordenadoras do n\u00facleo de resgate, a paleont\u00f3loga Luciana Carvalho enumera que os setores com mais objetos resgatados s\u00e3o a arqueologia, antropologia biol\u00f3gica, etnologia, paleontologia de invertebrados, paleontologia de vertebrados, paleobot\u00e2nica, mineralogia e petrografia. &#8220;Hoje, o processo de resgate est\u00e1 voltado principalmente para essas cole\u00e7\u00f5es cientificas&#8221;, disse.<\/p>\n<h2>Amuleto<\/h2>\n<p>Se n\u00e3o houver interrup\u00e7\u00f5es por falta de recursos, o pesquisador Pedro Von Seehausen acredita que as buscas pela cole\u00e7\u00e3o eg\u00edpcia podem terminar at\u00e9 outubro. Foi Pedro que identificou o amuleto escaravelho cora\u00e7\u00e3o, o maior dos que estava dentro do sarc\u00f3fago da sacerdotisa. Apesar de nunca ter sido vista antes, a forma da pe\u00e7a j\u00e1 era conhecida devido a um m\u00e9todo curioso: em 2005, para desvendar o que havia dentro do caix\u00e3o sem abri-lo, os pesquisadores submeteram o artefato a uma tomografia num hospital particular do Rio de Janeiro.<\/p>\n<div class=\"dnd-widget-wrapper context-grande_6colunas type-image atom-align-left\">\n<div class=\"dnd-atom-rendered\">\n<figure class=\"mejs-fotoh-wrapper\"><img decoding=\"async\" class=\"img-responsive full full\" title=\"Tomaz Silva\/Ag\u00eancia Brasil\" src=\"http:\/\/imagens.ebc.com.br\/DBcOMjjnmzPylQIYMkZObJb8TFI=\/463x0\/smart\/http:\/\/agenciabrasil.ebc.com.br\/sites\/default\/files\/thumbnails\/image\/tmazs_abr_07051915185rj.jpg?itok=oR2gWoF6\" alt=\"O pesquisador Pedro Luiz Diniz Von Seehausen fala durante apresenta\u00e7\u00e3o de pe\u00e7as resgatadas dos escombros do Museu Nacional e pertencentes a cole\u00e7\u00e3o eg\u00edpcia da institui\u00e7\u00e3o.\" \/><\/figure>\n<\/div>\n<div class=\"dnd-caption-wrapper\">\n<h6 class=\"meta\">Pesquisador Pedro Von Seehausen fala durante apresenta\u00e7\u00e3o de pe\u00e7as resgatadas dos escombros do Museu Nacional &#8211;\u00a0<strong>Tomaz Silva\/Ag\u00eancia Brasil<\/strong><\/h6>\n<\/div>\n<\/div>\n<p>Dom Pedro II morreu sem ver os amuletos do sarc\u00f3fago de Sha-Amum-em-Su, que Pedro Von Seehausen exibiu aos jornalistas usando uma luva. &#8220;No primeiro momento em que peguei esse escaravelho, a primeira coisa que eu pensei foi que a \u00faltima pessoa que colocou a m\u00e3o nele foi a pessoa que fechou o caix\u00e3o, h\u00e1 2,7 mil anos&#8221;, disse.<\/p>\n<p>Ele contou um pouco da rela\u00e7\u00e3o do imperador com a cole\u00e7\u00e3o. &#8220;Dom Pedro II cresceu em meio \u00e0 cole\u00e7\u00e3o eg\u00edpcia que Dom Pedro I adquiriu. Ele era fascinado por egiptologia e se correspondia com os maiores egipt\u00f3logos da \u00e9poca&#8221;.<\/p>\n<h2>Resgates<\/h2>\n<p>Boa parte das pe\u00e7as eg\u00edpcias resgatadas t\u00eam sido encontrada na Reserva T\u00e9cnica da Arqueologia do Museu, \u00e1rea em que as pe\u00e7as estavam armazenadas sem estarem expostas ao p\u00fablico. &#8220;A gente consegue encontrar muito do material intacto nas prateleiras e nas gavetas&#8221;, disse Pedro.<\/p>\n<p>Mais de 100 das 200 pe\u00e7as resgatadas s\u00e3o shabtis, estatuetas de 10 a 60 cent\u00edmetros que eram colocadas nas tumbas, porque os eg\u00edpcios acreditavam que assim se tornariam servos daquele morto quando ele ressuscitasse.<\/p>\n<p>Uma estatueta funer\u00e1ria de calc\u00e1rio, apelidada pelo p\u00fablico de Dama do Cone, \u00e9 uma das pe\u00e7as que estava exposta e resistiu ao desastre. O cone de incenso em sua cabe\u00e7a, por\u00e9m, foi destru\u00eddo pelo fogo, e suas cores foram apagadas pelo calor.<\/p>\n<p>A exposi\u00e7\u00e3o eg\u00edpcia ficava em uma sala no segundo andar do museu, e quando o pr\u00e9dio desabou, seus objetos se misturaram aos da Reserva T\u00e9cnica da Museologia, que ficava acima, e aos da exposi\u00e7\u00e3o da paleobot\u00e2nica, que ficava no primeiro andar. &#8220;Na reserva t\u00e9cnica da museologia tinha muitos arm\u00e1rios, muito metal, e isso gerou um emaranhado de ferro que fez a gente pensar que n\u00e3o sobrou nada. Conforme a gente foi andando e olhando entre esse emaranhado, as pe\u00e7as come\u00e7aram a aparecer&#8221;, disse Pedro.<\/p>\n<p>O cr\u00e2nio de uma das oito m\u00famias humanas da cole\u00e7\u00e3o tamb\u00e9m foi resgatado das chamas. No caso das m\u00famias, o fogo destruiu as bandagens, e o impacto do desmoronamento tamb\u00e9m causou danos aos ossos. Apesar disso, partes dos esqueletos foram preservadas.<\/p>\n<div class=\"dnd-widget-wrapper context-cheio_8colunas type-image\">\n<div class=\"dnd-atom-rendered\">\n<figure class=\"mejs-fotoh-wrapper\"><img decoding=\"async\" class=\"img-responsive full full\" title=\"Tomaz Silva\/Ag\u00eancia Brasil\" src=\"http:\/\/imagens.ebc.com.br\/zJ51s9hBbJDWjGmsow0msMxrRco=\/754x0\/smart\/http:\/\/agenciabrasil.ebc.com.br\/sites\/default\/files\/thumbnails\/image\/tmazs_abr_07051915183rj.jpg?itok=oRzRIqOp\" alt=\"Rio de Janeiro - Museu Nacional apresenta pe\u00e7as da cole\u00e7\u00e3o eg\u00edpcia resgatadas dos escombros da institui\u00e7\u00e3o. (Foto: Tomaz Silva\/Ag\u00eancia Brasil)\" \/><\/figure>\n<\/div>\n<div class=\"dnd-caption-wrapper\">\n<div class=\"meta\">Museu Nacional apresenta pe\u00e7as da cole\u00e7\u00e3o eg\u00edpcia resgatadas dos escombros da institui\u00e7\u00e3o &#8211; Tomaz Silva\/Ag\u00eancia Brasil<\/div>\n<\/div>\n<\/div>\n<p>O trabalho de escava\u00e7\u00e3o e busca pela cole\u00e7\u00e3o eg\u00edpcia ainda est\u00e1 longe da metade, e a preocupa\u00e7\u00e3o dos pesquisadores \u00e9 a falta de espa\u00e7o para armazenar o que ainda ser\u00e1 encontrado. Os artefatos v\u00eam sendo guardados em cont\u00eaineres emprestados pela Universidade Federal do Rio de Janeiro, e o museu n\u00e3o tem recursos para comprar mais. Ao menos 10 s\u00e3o necess\u00e1rios com urg\u00eancia, segundo o diretor do Museu, Alexander Kellner, que busca uma audi\u00eancia com o Minist\u00e9rio da Educa\u00e7\u00e3o para apresentar o trabalho j\u00e1 realizado e buscar mais apoio.<\/p>\n<h2>Apoio<\/h2>\n<p>Kellner, que pediu tamb\u00e9m o apoio da sociedade civil, que pode doar por meio da conta SOS Museu Nacional.\u00a0<a href=\"https:\/\/www.samn.org.br\/principais-acoes\" target=\"_blank\" rel=\"noopener\">As informa\u00e7\u00f5es para doar podem ser obtidas no site da Associa\u00e7\u00e3o de Amigos do Museu Nacional<\/a>. Segundo Kellner, o Museu Nacional recebeu R$ 10 milh\u00f5es do MEC no ano passado, quantia que foi fundamental para a recupera\u00e7\u00e3o do que foi apresentado hoje. Al\u00e9m disso, mais R$ 1 milh\u00e3o foi repassado para a elabora\u00e7\u00e3o de um projeto de restaura\u00e7\u00e3o da fachada e do telhado. Ainda entram na conta mais R$ 5 milh\u00f5es recebidos em uma parceria entre o MEC, a UFRJ e a Unesco para a recupera\u00e7\u00e3o do pal\u00e1cio e das exposi\u00e7\u00f5es, e 180 mil euros chegaram do governo alem\u00e3o para a aquisi\u00e7\u00e3o de equipamentos t\u00e9cnicos como computadores e drones.<\/p>\n<div class=\"dnd-widget-wrapper context-grande_6colunas type-image atom-align-left\">\n<div class=\"dnd-atom-rendered\">\n<figure class=\"mejs-fotoh-wrapper\"><img decoding=\"async\" class=\"img-responsive full full\" title=\"Tomaz Silva\/Ag\u00eancia Brasil\" src=\"http:\/\/imagens.ebc.com.br\/ckTgqE2-qv8In3MFcCpjseEiWQ0=\/463x0\/smart\/http:\/\/agenciabrasil.ebc.com.br\/sites\/default\/files\/thumbnails\/image\/tmazs_abr_07051915182rj.jpg?itok=WdLLDMnz\" alt=\"Museu Nacional apresenta pe\u00e7as da cole\u00e7\u00e3o eg\u00edpcia resgatadas dos escombros da institui\u00e7\u00e3o. \" \/><\/figure>\n<\/div>\n<div class=\"dnd-caption-wrapper\">\n<h6 class=\"meta\">Museu Nacional apresenta pe\u00e7as da cole\u00e7\u00e3o eg\u00edpcia resgatadas dos escombros da institui\u00e7\u00e3o &#8211;\u00a0<strong>Tomaz Silva\/Ag\u00eancia Brasil<\/strong><\/h6>\n<\/div>\n<\/div>\n<p>O MEC confirmou que, desde o inc\u00eandio, j\u00e1 repassou R$ 15 milh\u00f5es \u00e0 UFRJ para obras emergenciais no Museu Nacional, que \u00e9 vinculado \u00e0 universidade. Al\u00e9m disso, o minist\u00e9rio disse que j\u00e1 liberou para a UFRJ 40% do or\u00e7amento anual de R$ 377 milh\u00f5es, para custear as despesas at\u00e9 junho. O MEC acrescenta que a UFRJ &#8220;possui ainda um montante de R$ 605 mil dispon\u00edveis para utilizar at\u00e9 junho em investimento. J\u00e1 em custeio a institui\u00e7\u00e3o tem ainda R$ 81 milh\u00f5es de reais para gastar at\u00e9 o pr\u00f3ximo m\u00eas&#8221;.<\/p>\n<h2>C\u00f4nsul<\/h2>\n<p>O c\u00f4nsul do Egito no Rio de Janeiro, Sherif Ismail, acompanhou a apresenta\u00e7\u00e3o e destacou que o inc\u00eandio foi tr\u00e1gico para culturas de diversos pa\u00edses estrangeiros e especialmente do Egito, pela import\u00e2ncia da cole\u00e7\u00e3o eg\u00edpcia do museu. Ismail prometeu ajuda t\u00e9cnica para a restaura\u00e7\u00e3o das pe\u00e7as e convidou a dire\u00e7\u00e3o do museu para visitar o Egito e acertar parcerias. A doa\u00e7\u00e3o de novas pe\u00e7as eg\u00edpcias para o Museu Nacional n\u00e3o ser\u00e1 poss\u00edvel, explicou ele, porque a lei do pa\u00eds africano impede que os artefatos sejam alugados ou emprestados. Apesar disso, ele disse que o governo eg\u00edpcio buscar\u00e1 dar suporte ao Museu Nacional.<\/p>\n","protected":false},"excerpt":{"rendered":"<p>A sacerdotisa eg\u00edpcia Sha-Amun-em-Su foi mumificada e sepultada em um sarc\u00f3fago por volta do ano 750 a.c., e seu caix\u00e3o ficou lacrado at\u00e9 2 de setembro de 2018, quando o\u00a0inc\u00eandio do Museu Nacional destruiu parte da maior cole\u00e7\u00e3o eg\u00edpcia da Am\u00e9rica Latina. Recebida do soberano eg\u00edpcio por Dom Pedro II, a m\u00famia era a favorita &hellip;<\/p>\n","protected":false},"author":3,"featured_media":0,"comment_status":"open","ping_status":"open","sticky":false,"template":"","format":"standard","meta":{"footnotes":""},"categories":[4],"tags":[],"class_list":["post-47618","post","type-post","status-publish","format-standard","hentry","category-ultimas-noticias"],"_links":{"self":[{"href":"https:\/\/goiasemtempo.com.br\/home\/wp-json\/wp\/v2\/posts\/47618","targetHints":{"allow":["GET"]}}],"collection":[{"href":"https:\/\/goiasemtempo.com.br\/home\/wp-json\/wp\/v2\/posts"}],"about":[{"href":"https:\/\/goiasemtempo.com.br\/home\/wp-json\/wp\/v2\/types\/post"}],"author":[{"embeddable":true,"href":"https:\/\/goiasemtempo.com.br\/home\/wp-json\/wp\/v2\/users\/3"}],"replies":[{"embeddable":true,"href":"https:\/\/goiasemtempo.com.br\/home\/wp-json\/wp\/v2\/comments?post=47618"}],"version-history":[{"count":1,"href":"https:\/\/goiasemtempo.com.br\/home\/wp-json\/wp\/v2\/posts\/47618\/revisions"}],"predecessor-version":[{"id":47619,"href":"https:\/\/goiasemtempo.com.br\/home\/wp-json\/wp\/v2\/posts\/47618\/revisions\/47619"}],"wp:attachment":[{"href":"https:\/\/goiasemtempo.com.br\/home\/wp-json\/wp\/v2\/media?parent=47618"}],"wp:term":[{"taxonomy":"category","embeddable":true,"href":"https:\/\/goiasemtempo.com.br\/home\/wp-json\/wp\/v2\/categories?post=47618"},{"taxonomy":"post_tag","embeddable":true,"href":"https:\/\/goiasemtempo.com.br\/home\/wp-json\/wp\/v2\/tags?post=47618"}],"curies":[{"name":"wp","href":"https:\/\/api.w.org\/{rel}","templated":true}]}}