{"id":4715,"date":"2017-12-24T19:15:42","date_gmt":"2017-12-24T19:15:42","guid":{"rendered":"http:\/\/goiasemtempo.com.br\/home\/?p=4715"},"modified":"2017-12-24T19:15:42","modified_gmt":"2017-12-24T19:15:42","slug":"desigualdade-entre-homens-e-mulheres-aumenta-brasil-cai-11-posicoes-em-ranking","status":"publish","type":"post","link":"https:\/\/goiasemtempo.com.br\/home\/desigualdade-entre-homens-e-mulheres-aumenta-brasil-cai-11-posicoes-em-ranking\/","title":{"rendered":"Desigualdade entre homens e mulheres aumenta; Brasil cai 11 posi\u00e7\u00f5es em ranking"},"content":{"rendered":"<p>Depois de uma d\u00e9cada de progresso lento, mas cont\u00ednuo, em dire\u00e7\u00e3o \u00e0 igualdade de g\u00eanero, pela primeira vez o F\u00f3rum Econ\u00f4mico Mundial constatou aumento das disparidades entre homens e mulheres no planeta. A informa\u00e7\u00e3o consta do Relat\u00f3rio de Desigualdade Global de G\u00eanero 2017, divulgado hoje (2) pela organiza\u00e7\u00e3o. Por causa da queda da participa\u00e7\u00e3o feminina na pol\u00edtica, o Brasil caiu 11 posi\u00e7\u00f5es em apenas um ano.<\/p>\n<p>O estudo indica que 68% da desigualdade de g\u00eanero no planeta foi combatida, contra 68,3% em 2016 e 68,1% em 2015. Todos os quatro pilares do relat\u00f3rio apresentaram piora na compara\u00e7\u00e3o entre homens e mulheres: acesso \u00e0 educa\u00e7\u00e3o, sa\u00fade e sobreviv\u00eancia, oportunidade econ\u00f4mica e empoderamento pol\u00edtico. At\u00e9 o ano passado, os dois \u00faltimos itens vinham apresentando evolu\u00e7\u00f5es.<\/p>\n<p>Pelo c\u00e1lculo atual, seriam necess\u00e1rios 100 anos para acabar com a desigualdade de g\u00eanero em todo o mundo. No ano passado, a previs\u00e3o era 83 anos. A pior situa\u00e7\u00e3o \u00e9 a do mercado de trabalho, em que a organiza\u00e7\u00e3o estima que s\u00e3o necess\u00e1rios 217 anos para acabar com a desigualdade, mesmo com mais da metade dos 144 pa\u00edses pesquisados tendo melhorado no \u00edtem nos \u00faltimos 12 meses.<\/p>\n<p>\u201cEstamos passando da era do capitalismo para a era do talentismo. A competitividade em n\u00edveis nacional e de neg\u00f3cios ser\u00e1 decidida, mais do que nunca, pela capacidade de inova\u00e7\u00e3o de um pa\u00eds ou uma empresa. Quem entende a integra\u00e7\u00e3o das mulheres como uma importante for\u00e7a dentro do seu grupo de talentos ter\u00e1 mais sucesso\u201d, afirmou o presidente-executivo do F\u00f3rum Econ\u00f4mico Mundial, Klaus Schwab, segundo a nota da institui\u00e7\u00e3o.<\/p>\n<p>O relat\u00f3rio indica que, se a lacuna de g\u00eanero na \u00e1rea econ\u00f4mica em todo o mundo fosse reduzida a 25% at\u00e9 2025, haveria um acr\u00e9scimo de US$ 5,3 trilh\u00f5es ao Produto Interno Bruto (PIB, soma dos bens e servi\u00e7os produzidos) global.<\/p>\n<p>Brasil cai 11 posi\u00e7\u00f5es em um ano<\/p>\n<p>A pesquisa aponta queda de 11 posi\u00e7\u00f5es do Brasil no ranking de pa\u00edses em compara\u00e7\u00e3o com o ano passado, ficando em 90\u00ba. Em rela\u00e7\u00e3o \u00e0 primeira edi\u00e7\u00e3o da pesquisa, em 2006, a queda foi de 23 posi\u00e7\u00f5es.<\/p>\n<p>O retrocesso do Brasil o colocou em sua pior situa\u00e7\u00e3o desde 2011. A baixa participa\u00e7\u00e3o pol\u00edtica das mulheres \u00e9 o principal elemento que motivou a queda, apesar de modestos avan\u00e7os do pa\u00eds no quesito de participa\u00e7\u00e3o econ\u00f4mica.<\/p>\n<p>Apesar da piora na classifica\u00e7\u00e3o, o relat\u00f3rio destaca que o Brasil resolveu suas diferen\u00e7as de g\u00eanero na \u00e1rea de educa\u00e7\u00e3o.<\/p>\n<p>O pa\u00eds mais bem colocado no \u00edndice geral foi a Isl\u00e2ndia, que resolveu 88% da desigualdade de g\u00eanero e permanece no topo da lista h\u00e1 nove anos. Em seguida v\u00eam Noruega, Finl\u00e2ndia, Ruanda e Su\u00e9cia. O pa\u00eds mais bem classificado da Am\u00e9rica Latina \u00e9 a Nicar\u00e1gua, em sexto lugar, seguida pela Bol\u00edvia, em 17\u00ba.<\/p>\n<p>\u201cEm 2017, n\u00e3o dever\u00edamos estar vendo um progresso em dire\u00e7\u00e3o \u00e0 paridade de g\u00eanero ser revertido. Igualdade de g\u00eanero \u00e9 tanto moral quanto um imperativo econ\u00f4mico. Alguns pa\u00edses entenderam isso e est\u00e3o vendo os dividendos das medidas proativas que tomaram para tratar suas disparidades de g\u00eanero\u201d, informou a chefe de Educa\u00e7\u00e3o, G\u00eanero e Trabalho do F\u00f3rum Econ\u00f4mico Mundial, Saadia Zahidi, no comunicado da organiza\u00e7\u00e3o.<\/p>\n","protected":false},"excerpt":{"rendered":"<p>Depois de uma d\u00e9cada de progresso lento, mas cont\u00ednuo, em dire\u00e7\u00e3o \u00e0 igualdade de g\u00eanero, pela primeira vez o F\u00f3rum Econ\u00f4mico Mundial constatou aumento das disparidades entre homens e mulheres no planeta. A informa\u00e7\u00e3o consta do Relat\u00f3rio de Desigualdade Global de G\u00eanero 2017, divulgado hoje (2) pela organiza\u00e7\u00e3o. Por causa da queda da participa\u00e7\u00e3o feminina &hellip;<\/p>\n","protected":false},"author":2,"featured_media":2084,"comment_status":"open","ping_status":"open","sticky":false,"template":"","format":"standard","meta":{"footnotes":""},"categories":[4],"tags":[],"class_list":["post-4715","post","type-post","status-publish","format-standard","has-post-thumbnail","hentry","category-ultimas-noticias"],"_links":{"self":[{"href":"https:\/\/goiasemtempo.com.br\/home\/wp-json\/wp\/v2\/posts\/4715","targetHints":{"allow":["GET"]}}],"collection":[{"href":"https:\/\/goiasemtempo.com.br\/home\/wp-json\/wp\/v2\/posts"}],"about":[{"href":"https:\/\/goiasemtempo.com.br\/home\/wp-json\/wp\/v2\/types\/post"}],"author":[{"embeddable":true,"href":"https:\/\/goiasemtempo.com.br\/home\/wp-json\/wp\/v2\/users\/2"}],"replies":[{"embeddable":true,"href":"https:\/\/goiasemtempo.com.br\/home\/wp-json\/wp\/v2\/comments?post=4715"}],"version-history":[{"count":1,"href":"https:\/\/goiasemtempo.com.br\/home\/wp-json\/wp\/v2\/posts\/4715\/revisions"}],"predecessor-version":[{"id":4716,"href":"https:\/\/goiasemtempo.com.br\/home\/wp-json\/wp\/v2\/posts\/4715\/revisions\/4716"}],"wp:featuredmedia":[{"embeddable":true,"href":"https:\/\/goiasemtempo.com.br\/home\/wp-json\/wp\/v2\/media\/2084"}],"wp:attachment":[{"href":"https:\/\/goiasemtempo.com.br\/home\/wp-json\/wp\/v2\/media?parent=4715"}],"wp:term":[{"taxonomy":"category","embeddable":true,"href":"https:\/\/goiasemtempo.com.br\/home\/wp-json\/wp\/v2\/categories?post=4715"},{"taxonomy":"post_tag","embeddable":true,"href":"https:\/\/goiasemtempo.com.br\/home\/wp-json\/wp\/v2\/tags?post=4715"}],"curies":[{"name":"wp","href":"https:\/\/api.w.org\/{rel}","templated":true}]}}