{"id":46896,"date":"2019-04-07T04:31:33","date_gmt":"2019-04-07T04:31:33","guid":{"rendered":"http:\/\/goiasemtempo.com.br\/home\/?p=46896"},"modified":"2019-04-07T04:33:24","modified_gmt":"2019-04-07T04:33:24","slug":"caiado-transfere-nesta-segunda-governo-para-rio-verde-durante-tecnoshow","status":"publish","type":"post","link":"https:\/\/goiasemtempo.com.br\/home\/caiado-transfere-nesta-segunda-governo-para-rio-verde-durante-tecnoshow\/","title":{"rendered":"Caiado transfere nesta segunda governo para Rio Verde durante Tecnoshow"},"content":{"rendered":"<p>Apontado por Ronaldo Caiado como a espinha dorsal da economia goiana, o agroneg\u00f3cio ganha ainda mais protagonismo em Goi\u00e1s. A partir desta segunda-feira, dia 8, Rio Verde passa a ser a sede simb\u00f3lica do Estado. A transfer\u00eancia do governo estadual para o munic\u00edpio ocorre paralela aos cinco dias da\u00a0<em>Feira de Tecnologia em Agroneg\u00f3cio<\/em>\u00a0(Tecnoshow).<\/p>\n<p>Caiado formalizar\u00e1 o ato solene com a presen\u00e7a de todo secretariado, \u00e0s 9 horas de segunda-feira, na abertura oficial da Tecnoshow. A transfer\u00eancia simb\u00f3lica do governo estadual para Rio Verde atende \u00e0 Lei n\u00ba 20.425, de 18 de mar\u00e7o deste ano. De 8 a 12 de abril, o governador, os chefes de poderes e secret\u00e1rios v\u00e3o despachar diretamente do munic\u00edpio, localizado no Sudoeste goiano.<\/p>\n<p>Essa for\u00e7a-tarefa em Rio Verde, envolvendo diversos \u00f3rg\u00e3os estaduais, marca o lan\u00e7amento do \u201c<em>Gabinete em A\u00e7\u00e3o \u2013 Onde tem Goi\u00e1s, tem Governo do Estado\u201d<\/em>. Trata-se de um programa cujo objetivo \u00e9 concentrar as a\u00e7\u00f5es da gest\u00e3o estadual em um determinado munic\u00edpio. Al\u00e9m de aproximar a popula\u00e7\u00e3o do poder p\u00fablico, a iniciativa visa resolver situa\u00e7\u00f5es que possam estar pendentes. O governador Ronaldo Caiado participar\u00e1 da Feira no primeiro dia, nos demais os secret\u00e1rios se revezam no Gabinete em A\u00e7\u00e3o.<\/p>\n<p>\u201cVamos realizar audi\u00eancias, fechar parcerias e promover atividades, demonstrando que o governo \u00e9 parceiro e est\u00e1 presente. As portas, que j\u00e1 estavam abertas, agora est\u00e3o mais pr\u00f3ximas tamb\u00e9m\u201d, comentou o governador Ronaldo Caiado sobre o programa Gabinete em A\u00e7\u00e3o.<\/p>\n<p><strong>Internacionaliza\u00e7\u00e3o<\/strong><br \/>\nA Tecnoshow est\u00e1 dando passos longos rumo \u00e0 expans\u00e3o. Em sua primeira participa\u00e7\u00e3o como governador, Ronaldo Caiado negocia a cria\u00e7\u00e3o de um pavilh\u00e3o internacional. A ideia \u00e9 assinar um protocolo de inten\u00e7\u00f5es entre os pa\u00edses que j\u00e1 confirmaram presen\u00e7a nesta edi\u00e7\u00e3o (Hungria, Indon\u00e9sia, Argentina, Maced\u00f4nia do Norte, Cor\u00e9ia do Sul, Belarus, Bol\u00edvia e Uruguai).<\/p>\n<p>A partir de 2020, ser\u00e1 instalado um ambiente para rodadas de neg\u00f3cios internacionais durante a feira. At\u00e9 l\u00e1, o Governo de Goi\u00e1s planeja convidar outros pa\u00edses para aderir ao protocolo de inten\u00e7\u00f5es. Al\u00e9m de dar maior visibilidade \u00e0 feira, a presen\u00e7a de comitivas internacionais pode contribuir com a tecnologia e inova\u00e7\u00e3o para o agroneg\u00f3cio.<\/p>\n<p><img decoding=\"async\" src=\"http:\/\/www.aguaboanews.com.br\/imgsite\/noticias\/TECNOSHOW!-rio-verde.jpg\" alt=\"Imagem relacionada\" \/><\/p>\n<p>&nbsp;<\/p>\n<p><strong>Gabinete em A\u00e7\u00e3o em Rio Verde<\/strong><\/p>\n<p>Pelo menos 20 bra\u00e7os do poder p\u00fablico estadual devem instalar gabinetes provis\u00f3rios em Rio Verde na pr\u00f3xima semana.<\/p>\n<p>\u2022<strong>\u00a0Secretaria da Agricultura, Pecu\u00e1ria e Abastecimento<\/strong>\u00a0(Seapa) \u2013 Secret\u00e1rio Ant\u00f4nio Carlos Neto cumprir\u00e1 agenda nos dias 8 e 9 de abril. Superintendentes e gerentes participar\u00e3o de reuni\u00f5es de articula\u00e7\u00e3o e parceria nos cinco dias da feira.<br \/>\nEst\u00e3o programados encontros com produtores rurais, para levantar demandas do setor, e com representantes de entidades ligadas \u00e0 agropecu\u00e1ria para apresenta\u00e7\u00e3o da C\u00e2mara Tem\u00e1tica de Estrat\u00e9gia, Competitividade e Pol\u00edticas P\u00fablicas do Agroneg\u00f3cio do Estado de Goi\u00e1s \u2013 O Agro \u00e9 de Todos.<br \/>\nSer\u00e3o realizadas reuni\u00f5es com a presid\u00eancia e a diretoria da Comigo (organizadora da feira) para falar de parcerias para a Tecnoshow Comigo 2020 e do Instituto de Ci\u00eancia e Tecnologia Comigo (ITC), assim como com representantes do Banco do Brasil, com o intuito de abordar o Fundo Constitucional de Financiamento do Centro-Oeste (FCO Rural).<\/p>\n<p>\u2022<strong>\u00a0Secretaria de Governo (Segov) \u2013<\/strong>\u00a0Secret\u00e1rio Ernesto Roller atender\u00e1 na ter\u00e7a-feira (9\/4), das 8h \u00e0s 12h. Agenda com prefeito de Rio Verde, Paulo do Vale, e demais prefeitos da regi\u00e3o; representantes da C\u00e2mara Municipal e empres\u00e1rios locais.<\/p>\n<p>_\u2022\u00a0<strong>Secretaria de Estado da Educa\u00e7\u00e3o<\/strong>\u00a0(Seduc) \u2013 Secret\u00e1ria F\u00e1tima Gavioli inaugura, na segunda-feira (8\/4), a quadra poliesportiva do Col\u00e9gio Estadual Ismael Martins Vieira, em Rio Verde, e realiza reuni\u00f5es com gestores da regional. Seduc Itinerante far\u00e1 atendimentos dentro da estrutura da Tecnoshow.<\/p>\n<p>\u2022\u00a0<strong>Secretaria de Estado da Cultura<\/strong>\u00a0(Secult Goi\u00e1s) \u2013 Secret\u00e1rio Edival Louren\u00e7o participa da abertura da Tecnoshow. Tem agendas com representantes da Cultura na administra\u00e7\u00e3o municipal e com entidades e produtores culturais da regi\u00e3o. Tratar\u00e1 sobre projetos do Governo de Goi\u00e1s e parcerias com o setor cultural da regi\u00e3o. Secret\u00e1rio ser\u00e1 acompanhado por gerentes e superintendentes de algumas \u00e1reas.<\/p>\n<p>\u2022<strong>\u00a0Secretaria de Estado de Esporte e Lazer<\/strong>\u00a0(Seel) \u2013 O secret\u00e1rio Rafael Rahif assinar\u00e1 na segunda-feira (8\/4) termo de cess\u00e3o de uso dos gin\u00e1sios Her\u00e1clito Fernandes de Lima e Jer\u00f4nimo Martins, al\u00e9m do est\u00e1dio Mozart Veloso do Carmo, para a prefeitura de Rio Verde. Os espa\u00e7os ser\u00e3o utilizados em projetos sociais de inicia\u00e7\u00e3o esportiva em futsal, v\u00f4lei, basquete e handebol. A previs\u00e3o \u00e9 que os projetos atendam 500 crian\u00e7as e adolescentes.<\/p>\n<p>\u2022\u00a0<strong>Detran<\/strong>\u00a0\u2013 Presidente Marcos Roberto Silva acompanha agenda do governador na segunda-feira (8\/4). Haver\u00e1 ainda a\u00e7\u00f5es do programa educativo Detranzinho no decorrer da semana em escolas da cidade.<\/p>\n<p>\u2022<strong>\u00a0Funda\u00e7\u00e3o de Amparo \u00e0 Pesquisa do Estado de Goi\u00e1s<\/strong>\u00a0(Fapeg) \u2013 Na segunda-feira (8\/4), o presidente Robson Vieira participar\u00e1 da abertura da Tecnoshow e visita estandes do Instituto Federal Goiano (IF Goiano) e da Universidade de Rio Verde (UniRV), institui\u00e7\u00f5es que t\u00eam projetos de pesquisa fomentados pela Fapeg. Tamb\u00e9m participa de encontro com pesquisadores do Polo Embrapii (Empresa Brasileira de Pesquisa e Inova\u00e7\u00e3o Industrial) de Tecnologias Agroindustriais do IF Goiano. No fim do dia, visita a sede da UniRV, na cidade de Rio Verde.<\/p>\n<p><strong>Sobre a Tecnoshow<\/strong><br \/>\nCom foco no desenvolvimento de tecnologias voltadas ao agroneg\u00f3cio, a Tecnoshow Comigo j\u00e1 \u00e9 refer\u00eancia no Centro-Oeste. Todos os anos o evento re\u00fane centenas de expositores em uma \u00e1rea de 60 hectares. Em 2018, atraiu 106 mil visitantes e movimentou R$ 2,5 bilh\u00f5es em neg\u00f3cios. A previs\u00e3o dos organizadores \u00e9 que este ano a feira supere os n\u00fameros j\u00e1 registrados e bata novos recordes.<\/p>\n","protected":false},"excerpt":{"rendered":"<p>Apontado por Ronaldo Caiado como a espinha dorsal da economia goiana, o agroneg\u00f3cio ganha ainda mais protagonismo em Goi\u00e1s. A partir desta segunda-feira, dia 8, Rio Verde passa a ser a sede simb\u00f3lica do Estado. A transfer\u00eancia do governo estadual para o munic\u00edpio ocorre paralela aos cinco dias da\u00a0Feira de Tecnologia em Agroneg\u00f3cio\u00a0(Tecnoshow). Caiado formalizar\u00e1 &hellip;<\/p>\n","protected":false},"author":3,"featured_media":46897,"comment_status":"open","ping_status":"open","sticky":false,"template":"","format":"standard","meta":{"_exactmetrics_skip_tracking":false,"_exactmetrics_sitenote_active":false,"_exactmetrics_sitenote_note":"","_exactmetrics_sitenote_category":0,"footnotes":""},"categories":[7],"tags":[],"_links":{"self":[{"href":"https:\/\/goiasemtempo.com.br\/home\/wp-json\/wp\/v2\/posts\/46896"}],"collection":[{"href":"https:\/\/goiasemtempo.com.br\/home\/wp-json\/wp\/v2\/posts"}],"about":[{"href":"https:\/\/goiasemtempo.com.br\/home\/wp-json\/wp\/v2\/types\/post"}],"author":[{"embeddable":true,"href":"https:\/\/goiasemtempo.com.br\/home\/wp-json\/wp\/v2\/users\/3"}],"replies":[{"embeddable":true,"href":"https:\/\/goiasemtempo.com.br\/home\/wp-json\/wp\/v2\/comments?post=46896"}],"version-history":[{"count":3,"href":"https:\/\/goiasemtempo.com.br\/home\/wp-json\/wp\/v2\/posts\/46896\/revisions"}],"predecessor-version":[{"id":46900,"href":"https:\/\/goiasemtempo.com.br\/home\/wp-json\/wp\/v2\/posts\/46896\/revisions\/46900"}],"wp:featuredmedia":[{"embeddable":true,"href":"https:\/\/goiasemtempo.com.br\/home\/wp-json\/wp\/v2\/media\/46897"}],"wp:attachment":[{"href":"https:\/\/goiasemtempo.com.br\/home\/wp-json\/wp\/v2\/media?parent=46896"}],"wp:term":[{"taxonomy":"category","embeddable":true,"href":"https:\/\/goiasemtempo.com.br\/home\/wp-json\/wp\/v2\/categories?post=46896"},{"taxonomy":"post_tag","embeddable":true,"href":"https:\/\/goiasemtempo.com.br\/home\/wp-json\/wp\/v2\/tags?post=46896"}],"curies":[{"name":"wp","href":"https:\/\/api.w.org\/{rel}","templated":true}]}}