{"id":46571,"date":"2019-03-28T16:42:29","date_gmt":"2019-03-28T16:42:29","guid":{"rendered":"http:\/\/goiasemtempo.com.br\/home\/?p=46571"},"modified":"2019-04-01T03:48:11","modified_gmt":"2019-04-01T03:48:11","slug":"ex-governadores-marconi-e-ze-eliton-sao-investigados-por-desvios-na-saneago","status":"publish","type":"post","link":"https:\/\/goiasemtempo.com.br\/home\/ex-governadores-marconi-e-ze-eliton-sao-investigados-por-desvios-na-saneago\/","title":{"rendered":"Ex-governadores Marconi e Z\u00e9 Eliton s\u00e3o investigados por desvios na Saneago"},"content":{"rendered":"<p>Dois ex-governadores de Goi\u00e1s s\u00e3o alvos das investiga\u00e7\u00f5es da Pol\u00edcia Federal sobre\u00a0fraude em licita\u00e7\u00f5es e desvio de dinheiro p\u00fablico da Companhia Saneamento de Goi\u00e1s (Saneago). De acordo com o delegado Charles Gon\u00e7alves Lemes, ainda n\u00e3o \u00e9 poss\u00edvel divulgar nomes j\u00e1 que o inqu\u00e9rito est\u00e1 em segredo de Justi\u00e7a.<\/p>\n<p>Lemes disse que a segunda fase da Opera\u00e7\u00e3o Decanta\u00e7\u00e3o, deflagrada hoje (28), em Goi\u00e2nia e Aparecida de Goi\u00e2nia, \u00e9 resultado de an\u00e1lises de materiais apreendidos na primeira fase da opera\u00e7\u00e3o, deflagrada em 2016.<\/p>\n<p>\u201cFicou demonstrado de forma veemente que h\u00e1 um nicho de favorecimento a um grupo de tr\u00eas empresas de propriedade de um \u00fanico casal. Tudo com o apoio de um servidor da Saneago que ocupava \u00e0 \u00e9poca a dire\u00e7\u00e3o da gest\u00e3o corporativa da empresa e que foi alocada comprovadamente para defender interesses do ex-chefe de gabinete do ex-governador e dessas empresas\u201d, afirmou.<\/p>\n<p>S\u00e3o investigados dirigentes da empresa e agentes p\u00fablicos do governo do estado, entre os anos de 2012 e 2016.<\/p>\n<p>De acordo com a PF, um\u00a0ex-chefe de gabinete\u00a0criou duas empresas de fachada em sua resid\u00eancia \u201cpara lavar o dinheiro desses contratos\u201d que eram firmados com a companhia estadual.<\/p>\n<p>Hoje, agentes cumpriram cinco mandados de pris\u00e3o tempor\u00e1ria e oito de busca e apreens\u00e3o, expedidos pela 11\u00aa Vara Federal de Goi\u00e1s. Nas a\u00e7\u00f5es foram encontradas duas malas com cerca de R$ 1 milh\u00e3o em esp\u00e9cie em cada. Uma estava em um carro do ex-chefe de gabinete do governo goiano e outra na resid\u00eancia da filha desse servidor que tamb\u00e9m \u00e9 alvo da opera\u00e7\u00e3o.<\/p>\n<p>\u201cA filha do ex-chefe de gabinete do governo que ocupava a chefia de comunica\u00e7\u00e3o da governadoria de Goi\u00e1s junto ao Distrito Federal fez um saque de R$ 3 milh\u00f5es em esp\u00e9cie enquanto tinha sal\u00e1rio de R$ 3.700\u201d, contou o delegado. As movimenta\u00e7\u00f5es at\u00edpicas, consideradas incompat\u00edveis com a renda da servidora ainda se repetiram em 2012 e em 2014, quando foram movimentados R$ 28 milh\u00f5es em sua conta banc\u00e1ria.<\/p>\n<p><img decoding=\"async\" src=\"https:\/\/www.emaisgoias.com.br\/wp-content\/uploads\/2019\/03\/WhatsApp-Image-2019-03-28-at-08.06.14-1024x576.jpeg\" alt=\"Resultado de imagem para pf buscas marconi assessor mala dinheiro carro\" \/><\/p>\n<p>Segundo Lemes, o preju\u00edzo da Saneago \u201c\u00e9 estratosf\u00e9rico e inestim\u00e1vel\u201d. O grupo de empresas era vencedor de todas as licita\u00e7\u00f5es realizadas pela companhia incluindo um contrato de aloca\u00e7\u00e3o de m\u00e1quinas no valor de R$ 32 milh\u00f5es. \u201cAloca\u00e7\u00e3o de m\u00e1quinas n\u00e3o era o ramo de nenhuma dessas empresas e ainda assim elas venceram a licita\u00e7\u00e3o\u201d, completou o delegado.<\/p>\n","protected":false},"excerpt":{"rendered":"<p>Dois ex-governadores de Goi\u00e1s s\u00e3o alvos das investiga\u00e7\u00f5es da Pol\u00edcia Federal sobre\u00a0fraude em licita\u00e7\u00f5es e desvio de dinheiro p\u00fablico da Companhia Saneamento de Goi\u00e1s (Saneago). De acordo com o delegado Charles Gon\u00e7alves Lemes, ainda n\u00e3o \u00e9 poss\u00edvel divulgar nomes j\u00e1 que o inqu\u00e9rito est\u00e1 em segredo de Justi\u00e7a. Lemes disse que a segunda fase da &hellip;<\/p>\n","protected":false},"author":3,"featured_media":46572,"comment_status":"open","ping_status":"open","sticky":false,"template":"","format":"standard","meta":{"_exactmetrics_skip_tracking":false,"_exactmetrics_sitenote_active":false,"_exactmetrics_sitenote_note":"","_exactmetrics_sitenote_category":0,"footnotes":""},"categories":[15],"tags":[],"_links":{"self":[{"href":"https:\/\/goiasemtempo.com.br\/home\/wp-json\/wp\/v2\/posts\/46571"}],"collection":[{"href":"https:\/\/goiasemtempo.com.br\/home\/wp-json\/wp\/v2\/posts"}],"about":[{"href":"https:\/\/goiasemtempo.com.br\/home\/wp-json\/wp\/v2\/types\/post"}],"author":[{"embeddable":true,"href":"https:\/\/goiasemtempo.com.br\/home\/wp-json\/wp\/v2\/users\/3"}],"replies":[{"embeddable":true,"href":"https:\/\/goiasemtempo.com.br\/home\/wp-json\/wp\/v2\/comments?post=46571"}],"version-history":[{"count":1,"href":"https:\/\/goiasemtempo.com.br\/home\/wp-json\/wp\/v2\/posts\/46571\/revisions"}],"predecessor-version":[{"id":46573,"href":"https:\/\/goiasemtempo.com.br\/home\/wp-json\/wp\/v2\/posts\/46571\/revisions\/46573"}],"wp:featuredmedia":[{"embeddable":true,"href":"https:\/\/goiasemtempo.com.br\/home\/wp-json\/wp\/v2\/media\/46572"}],"wp:attachment":[{"href":"https:\/\/goiasemtempo.com.br\/home\/wp-json\/wp\/v2\/media?parent=46571"}],"wp:term":[{"taxonomy":"category","embeddable":true,"href":"https:\/\/goiasemtempo.com.br\/home\/wp-json\/wp\/v2\/categories?post=46571"},{"taxonomy":"post_tag","embeddable":true,"href":"https:\/\/goiasemtempo.com.br\/home\/wp-json\/wp\/v2\/tags?post=46571"}],"curies":[{"name":"wp","href":"https:\/\/api.w.org\/{rel}","templated":true}]}}