{"id":4631,"date":"2017-12-24T18:46:27","date_gmt":"2017-12-24T18:46:27","guid":{"rendered":"http:\/\/goiasemtempo.com.br\/home\/?p=4631"},"modified":"2017-12-24T18:46:27","modified_gmt":"2017-12-24T18:46:27","slug":"chefe-de-gabinete-de-trump-chama-general-escravagista-de-homem-honrado","status":"publish","type":"post","link":"https:\/\/goiasemtempo.com.br\/home\/chefe-de-gabinete-de-trump-chama-general-escravagista-de-homem-honrado\/","title":{"rendered":"Chefe de gabinete de Trump chama general escravagista de homem honrado"},"content":{"rendered":"<p>O chefe de gabinete da Casa Branca, general John Kelly, provocou uma onda de cr\u00edticas depois de chamar o general escravagista Robert E. Lee de homem honrado e estimar que a guerra civil americana foi causada por uma incapacidade de alcan\u00e7ar compromissos.<\/p>\n<p>Eu diria que Robert E. Lee foi um homem honrado. Foi um homem que desistiu de seu pa\u00eds para lutar por seu estado, algo que h\u00e1 150 anos era mais importante do que o pa\u00eds, disse Kelly na segunda-feira \u00e0 noite na Fox News, ao falar sobre o comandante do ex\u00e9rcito sulista que defendia a escravid\u00e3o.<\/p>\n<p>A incapacidade de alcan\u00e7ar compromissos levou \u00e0 guerra civil, e homens e mulheres de boa-f\u00e9 de ambos os lados tomaram posi\u00e7\u00e3o do lado onde sua consci\u00eancia lhes dizia que deveriam faz\u00ea-lo, acrescentou o general reformado, que em julho se tornou chefe de Gabinete da Casa Branca.<\/p>\n<p>Hoje considerado o colaborador mais pr\u00f3ximo do presidente Donald Trump, o general Kelly foi questionado sobre a pol\u00eamica que surgiu nos \u00faltimos meses nos Estados Unidos em torno de monumentos e est\u00e1tuas confederados, considerados por muitos cidad\u00e3os como uma celebra\u00e7\u00e3o de um passado racista.<\/p>\n<p>Trump defendeu esses monumentos em agosto, quando disse: \u00c9 triste ver a hist\u00f3ria e a cultura do nosso grande pa\u00eds sendo quebrada com a remo\u00e7\u00e3o de nossas belas est\u00e1tuas.<\/p>\n<p>As palavras de Kelly geraram in\u00fameras rea\u00e7\u00f5es, principalmente de reprova\u00e7\u00e3o ao general por considerar que era poss\u00edvel chegar a um acordo sobre um assunto como a escravid\u00e3o.<\/p>\n<p>\u00c9 irrespons\u00e1vel e perigoso, especialmente quando os supremacistas brancos se sentem encorajados, fazer que a luta para manter a escravid\u00e3o pare\u00e7a corajosa, disse Bernice King, filha de Martin Luther King, no Twitter.<\/p>\n","protected":false},"excerpt":{"rendered":"<p>O chefe de gabinete da Casa Branca, general John Kelly, provocou uma onda de cr\u00edticas depois de chamar o general escravagista Robert E. Lee de homem honrado e estimar que a guerra civil americana foi causada por uma incapacidade de alcan\u00e7ar compromissos. Eu diria que Robert E. Lee foi um homem honrado. Foi um homem &hellip;<\/p>\n","protected":false},"author":2,"featured_media":2042,"comment_status":"open","ping_status":"open","sticky":false,"template":"","format":"standard","meta":{"footnotes":""},"categories":[4],"tags":[],"class_list":["post-4631","post","type-post","status-publish","format-standard","has-post-thumbnail","hentry","category-ultimas-noticias"],"_links":{"self":[{"href":"https:\/\/goiasemtempo.com.br\/home\/wp-json\/wp\/v2\/posts\/4631","targetHints":{"allow":["GET"]}}],"collection":[{"href":"https:\/\/goiasemtempo.com.br\/home\/wp-json\/wp\/v2\/posts"}],"about":[{"href":"https:\/\/goiasemtempo.com.br\/home\/wp-json\/wp\/v2\/types\/post"}],"author":[{"embeddable":true,"href":"https:\/\/goiasemtempo.com.br\/home\/wp-json\/wp\/v2\/users\/2"}],"replies":[{"embeddable":true,"href":"https:\/\/goiasemtempo.com.br\/home\/wp-json\/wp\/v2\/comments?post=4631"}],"version-history":[{"count":1,"href":"https:\/\/goiasemtempo.com.br\/home\/wp-json\/wp\/v2\/posts\/4631\/revisions"}],"predecessor-version":[{"id":4632,"href":"https:\/\/goiasemtempo.com.br\/home\/wp-json\/wp\/v2\/posts\/4631\/revisions\/4632"}],"wp:featuredmedia":[{"embeddable":true,"href":"https:\/\/goiasemtempo.com.br\/home\/wp-json\/wp\/v2\/media\/2042"}],"wp:attachment":[{"href":"https:\/\/goiasemtempo.com.br\/home\/wp-json\/wp\/v2\/media?parent=4631"}],"wp:term":[{"taxonomy":"category","embeddable":true,"href":"https:\/\/goiasemtempo.com.br\/home\/wp-json\/wp\/v2\/categories?post=4631"},{"taxonomy":"post_tag","embeddable":true,"href":"https:\/\/goiasemtempo.com.br\/home\/wp-json\/wp\/v2\/tags?post=4631"}],"curies":[{"name":"wp","href":"https:\/\/api.w.org\/{rel}","templated":true}]}}