{"id":46204,"date":"2019-03-17T05:16:09","date_gmt":"2019-03-17T05:16:09","guid":{"rendered":"http:\/\/goiasemtempo.com.br\/home\/?p=46204"},"modified":"2019-03-24T16:57:07","modified_gmt":"2019-03-24T16:57:07","slug":"em-churrasco-maia-recebe-bolsonaro-toffoli-e-alcolumbre","status":"publish","type":"post","link":"https:\/\/goiasemtempo.com.br\/home\/em-churrasco-maia-recebe-bolsonaro-toffoli-e-alcolumbre\/","title":{"rendered":"Em churrasco, Maia recebe Bolsonaro, Toffoli e Alcolumbre"},"content":{"rendered":"<p>Em defesa do que chamou de \u201cpacto de governabilidade\u201d, o presidente da C\u00e2mara, Rodrigo Maia (DEM-RJ), recebeu neste s\u00e1bado (16) o presidente Jair Bolsonaro, e os presidentes do Supremo Tribunal Federal, Dias Toffoli, e do Senado, Davi Alcolumbre (DEM-RJ) em um churrasco na sua resid\u00eancia oficial. Tamb\u00e9m participaram 13 ministros, parlamentares e o presidente do Banco Central, Roberto Castello Branco.<\/p>\n<p>&#8220;Acho que [esse almo\u00e7o] \u00e9 um sinal importante de que n\u00f3s estamos construindo um pacto pela governabilidade do Brasil. Governar o Brasil passa pelos tr\u00eas Poderes,\u00a0cada com sua atribui\u00e7\u00e3o&#8221;, afirmou Maia. O almo\u00e7o come\u00e7ou por volta das 13h e terminou um pouco antes das 16h.<\/p>\n<p>O presidente Jair Bolsonaro saiu pouco depois das 16h. De\u00a0acordo com o ministro da Secretaria de Governo, Carlos Alberto dos Santos Cruz, em um breve discurso durante o almo\u00e7o, o presidente defendeu a harmonia e uni\u00e3o entre os Poderes e disse que n\u00e3o se governa sozinho.<\/p>\n<p>&#8220;Ele [presidente Jair Bolsonaro] disse da import\u00e2ncia da uni\u00e3o de todos os poderes, todas autoridades, para fazer o Brasil continuar o seu\u00a0caminho de desenvolvimento. Um almo\u00e7o desse aproxima as pessoas&#8221;, afirmou Santos Cruz.<\/p>\n<div class=\"dnd-widget-wrapper context-cheio_8colunas type-image\">\n<div class=\"dnd-atom-rendered\">\n<figure class=\"mejs-fotoh-wrapper\"><img decoding=\"async\" class=\"img-responsive full full\" title=\"Antonio Cruz\/ Ag\u00eancia Brasil\" src=\"http:\/\/imagens.ebc.com.br\/3OMS_giKRDWeiwAIgpSv8j402-4=\/754x0\/smart\/http:\/\/agenciabrasil.ebc.com.br\/sites\/default\/files\/thumbnails\/image\/antcrz_abr_20190316_1354.jpg?itok=NhnHPh1j\" alt=\"Apos Almo\u00e7o com o Presidente Jair Bolsonaro,O Ministro da Casa Civil da Presidencia da Republica Onyx Lorezone e o Presidente da Camara dos Deputados Rodrigo Maia Falam com a Imprensa.\" \/><\/figure>\n<\/div>\n<div class=\"dnd-caption-wrapper\">\n<h6 class=\"meta\">Almo\u00e7o na resid\u00eancia oficial do presidente da C\u00e2mara re\u00fane o presidente Jair Bolsonaro, ministros e parlamentares \u00a0&#8211;\u00a0<strong>Antonio Cruz\/ Ag\u00eancia Brasil<\/strong><\/h6>\n<\/div>\n<\/div>\n<h2>Relatos<\/h2>\n<p>Segundo relatos de participantes do churrasco, n\u00e3o houve discuss\u00f5es de temas espec\u00edficos, mas men\u00e7\u00e3o \u00e0 reforma da Previd\u00eancia, que est\u00e1 em tramita\u00e7\u00e3o no Congresso Nacional. &#8220;N\u00f3s n\u00e3o tratamos de quest\u00f5es pontuais, o que tratamos ao longo de todo o almo\u00e7o foi exatamente essa decis\u00e3o dos tr\u00eas Poderes de\u00a0ter\u00a0canais de di\u00e1logo permanentes&#8221;,\u00a0afirmou o ministro-chefe da Casa Civil, Onyx Lorenzonzi.<\/p>\n<p>Para Onyx, o almo\u00e7o foi um momento hist\u00f3rico e ajuda a construir uma ponte de\u00a0entendimento entre as principais autoridades da Rep\u00fablica. &#8220;O Brasil precisa sair do conflito, precisa que as autoridades m\u00e1ximas do pa\u00eds saibam sentar \u00e0 mesa, dialogar e, principalmente, possam se debru\u00e7ar sobre os problemas do cotidiano do Brasil, com o objetivo de fazer com que a vida das pessoas seja melhor aqui no pa\u00eds&#8221;, disse.<\/p>\n<div class=\"dnd-widget-wrapper context-cheio_8colunas type-image\">\n<div class=\"dnd-atom-rendered\">\n<figure class=\"mejs-fotoh-wrapper\"><img decoding=\"async\" class=\"img-responsive full full\" title=\"Antonio Cruz\/ Ag\u00eancia Brasil\" src=\"http:\/\/imagens.ebc.com.br\/suc_9lE-oP9omzRSYOqKMZS3ulc=\/754x0\/smart\/http:\/\/agenciabrasil.ebc.com.br\/sites\/default\/files\/thumbnails\/image\/antcrz_abr_20190316_1357.jpg?itok=jfJgyxYC\" alt=\"Ap\u00f3s almo\u00e7o com o presidente Jair Bolsonaro, o ministro-chefe da Casa Civil, Onyx Lorenzoni, fala com a imprensa\" \/><\/figure>\n<\/div>\n<div class=\"dnd-caption-wrapper\">\n<h6 class=\"meta\">O\u00a0ministro-chefe da Casa Civil, Onyx Lorenzoni, concede entrevista coletiva ap\u00f3s almo\u00e7o na casa do presidente da C\u00e2mara, Rodrigo Maia (DEM-RJ)\u00a0&#8211;\u00a0<strong>Antonio Cruz\/ Ag\u00eancia Brasil<\/strong><\/h6>\n<\/div>\n<\/div>\n<p>&#8220;Como foi um almo\u00e7o de confraterniza\u00e7\u00e3o, falava-se de tudo, e o foco, no final, foi selar com a uni\u00e3o de todos os tr\u00eas poderes em prol do Brasil&#8221;, resumiu o senador\u00a0Marcos do Val (PPS-ES).<\/p>\n<h2>Tens\u00f5es<\/h2>\n<p>O almo\u00e7o ocorre no momento de articula\u00e7\u00e3o para a instala\u00e7\u00e3o de uma Comiss\u00e3o Parlamentar de Inqu\u00e9rito\u00a0<a href=\"http:\/\/agenciabrasil.ebc.com.br\/politica\/noticia\/2019-02\/senado-pode-ter-cpi-para-investigar-judiciario\">(CPI)<\/a>, no Senado Federal, com o\u00a0objetivo de investigar o Poder Judici\u00e1rio, pedidos de impeachment de ministros do STF e cr\u00edticas \u00e0 Suprema Corte.<\/p>\n<p>Questionado sobre o assunto, o presidente da C\u00e2mara defendeu respeito \u00e0 independ\u00eancia dos Poderes e criticou as amea\u00e7as recentes contra integrantes do STF e contra o\u00a0pr\u00f3prio Poder Judici\u00e1rio.<\/p>\n<p>&#8220;Esse respeito entre os Poderes \u00e9 muito importante. N\u00e3o foi o que a gente viu, nas \u00faltimas semanas, principalmente em rela\u00e7\u00e3o ao Supremo Tribunal Federal. Isso \u00e9 muito grave e acho que muito importante que mesmo tendo diverg\u00eancia em qualquer decis\u00e3o, a gente respeite a decis\u00e3o dos Poderes, principalmente um Poder\u00a0que tem a atribui\u00e7\u00e3o, como \u00e9 a do Supremo, de guardar a nossa Constitui\u00e7\u00e3o&#8221;, afirmou Maia.<\/p>\n<p>&nbsp;<\/p>\n<div class=\"dnd-widget-wrapper context-cheio_8colunas type-image\">\n<div class=\"dnd-atom-rendered\">\n<figure class=\"mejs-fotoh-wrapper\"><img decoding=\"async\" class=\"img-responsive full full\" title=\"Antonio Cruz\/ Ag\u00eancia Brasil\" src=\"http:\/\/imagens.ebc.com.br\/MxO3ay1bA7Q-4vbn8EIYtBp6jwU=\/754x0\/smart\/http:\/\/agenciabrasil.ebc.com.br\/sites\/default\/files\/thumbnails\/image\/antcrz_abr_20190316_1358.jpg?itok=x5wV1NKu\" alt=\"Ap\u00f3s almo\u00e7o com o presidente Jair Bolsonaro, o presidente da C\u00e2mara dos Deputados, Rodrigo Maia, fala com a imprensa\" \/><\/figure>\n<\/div>\n<div class=\"dnd-caption-wrapper\">\n<h6 class=\"meta\">O presidente da C\u00e2mara, Rodrigo Maia (DEM-RJ) concede entrevista coletiva ap\u00f3s almo\u00e7o,\u00a0\u00a0por Antonio Cruz\/ Ag\u00eancia Brasil<\/h6>\n<\/div>\n<\/div>\n","protected":false},"excerpt":{"rendered":"<p>Em defesa do que chamou de \u201cpacto de governabilidade\u201d, o presidente da C\u00e2mara, Rodrigo Maia (DEM-RJ), recebeu neste s\u00e1bado (16) o presidente Jair Bolsonaro, e os presidentes do Supremo Tribunal Federal, Dias Toffoli, e do Senado, Davi Alcolumbre (DEM-RJ) em um churrasco na sua resid\u00eancia oficial. Tamb\u00e9m participaram 13 ministros, parlamentares e o presidente do &hellip;<\/p>\n","protected":false},"author":3,"featured_media":46205,"comment_status":"open","ping_status":"open","sticky":false,"template":"","format":"standard","meta":{"_exactmetrics_skip_tracking":false,"_exactmetrics_sitenote_active":false,"_exactmetrics_sitenote_note":"","_exactmetrics_sitenote_category":0,"footnotes":""},"categories":[2],"tags":[],"_links":{"self":[{"href":"https:\/\/goiasemtempo.com.br\/home\/wp-json\/wp\/v2\/posts\/46204"}],"collection":[{"href":"https:\/\/goiasemtempo.com.br\/home\/wp-json\/wp\/v2\/posts"}],"about":[{"href":"https:\/\/goiasemtempo.com.br\/home\/wp-json\/wp\/v2\/types\/post"}],"author":[{"embeddable":true,"href":"https:\/\/goiasemtempo.com.br\/home\/wp-json\/wp\/v2\/users\/3"}],"replies":[{"embeddable":true,"href":"https:\/\/goiasemtempo.com.br\/home\/wp-json\/wp\/v2\/comments?post=46204"}],"version-history":[{"count":1,"href":"https:\/\/goiasemtempo.com.br\/home\/wp-json\/wp\/v2\/posts\/46204\/revisions"}],"predecessor-version":[{"id":46206,"href":"https:\/\/goiasemtempo.com.br\/home\/wp-json\/wp\/v2\/posts\/46204\/revisions\/46206"}],"wp:featuredmedia":[{"embeddable":true,"href":"https:\/\/goiasemtempo.com.br\/home\/wp-json\/wp\/v2\/media\/46205"}],"wp:attachment":[{"href":"https:\/\/goiasemtempo.com.br\/home\/wp-json\/wp\/v2\/media?parent=46204"}],"wp:term":[{"taxonomy":"category","embeddable":true,"href":"https:\/\/goiasemtempo.com.br\/home\/wp-json\/wp\/v2\/categories?post=46204"},{"taxonomy":"post_tag","embeddable":true,"href":"https:\/\/goiasemtempo.com.br\/home\/wp-json\/wp\/v2\/tags?post=46204"}],"curies":[{"name":"wp","href":"https:\/\/api.w.org\/{rel}","templated":true}]}}