{"id":46192,"date":"2019-03-17T05:04:05","date_gmt":"2019-03-17T05:04:05","guid":{"rendered":"http:\/\/goiasemtempo.com.br\/home\/?p=46192"},"modified":"2019-03-17T05:04:05","modified_gmt":"2019-03-17T05:04:05","slug":"policia-prende-mais-de-200-pessoas-em-protestos-em-paris","status":"publish","type":"post","link":"https:\/\/goiasemtempo.com.br\/home\/policia-prende-mais-de-200-pessoas-em-protestos-em-paris\/","title":{"rendered":"Pol\u00edcia prende mais de 200 pessoas em protestos em Paris"},"content":{"rendered":"<p>A pol\u00edcia de Paris informou que prendeu quase 240 pessoas neste s\u00e1bado (16) ap\u00f3s violentos dist\u00farbios ocorridos durante os protestos dos &#8220;coletes amarelos&#8221;.<\/p>\n<p>No 18\u00ba fim de semana consecutivo de manifesta\u00e7\u00f5es contra o presidente Emmanuel Macron, v\u00e1rias lojas foram saqueadas e incendiadas no centro da capital francesa. Houve confrontos entre manifestantes e policiais, que responderam com g\u00e1s lacrimog\u00eaneo e canh\u00f5es de \u00e1gua. Segundo a pol\u00edcia, 42 manifestantes, 17 policiais e um bombeiro ficaram feridos.<\/p>\n<p>O primeiro-ministro franc\u00eas, Edouard Philippe, foi \u00e0 avenida Champs-Elys\u00e9es, que atravessa o centro de Paris, para mostrar apoio \u00e0 pol\u00edcia e aos bombeiros. Ele prometeu &#8220;punir severamente&#8221; os radicais respons\u00e1veis pela viol\u00eancia &#8220;inaceit\u00e1vel&#8221;.<\/p>\n<p>Philippe afirmou que &#8220;os que desculpam ou encorajam&#8221; esses atos se tornam &#8220;c\u00famplices&#8221;. O ministro do Interior, Christophe Castaner, criticou a a\u00e7\u00e3o dos manifestantes, que classificou como &#8220;profissionais da desordem&#8221; e pediu ao respons\u00e1vel pela pol\u00edcia para responder &#8220;com a maior firmeza&#8221;.<\/p>\n<p>Castaner afirmou que cerca de 1.500 militantes &#8220;ultraviolentos&#8221; se infiltraram entre os cerca de 10 mil que participaram das manifesta\u00e7\u00f5es em Paris, segundo estimativas do Minist\u00e9rio do Interior. No s\u00e1bado anterior (9), as manifesta\u00e7\u00f5es reuniram 3 mil pessoas.<\/p>\n<p>O n\u00famero de manifestantes vinha diminuindo nos \u00faltimos fins de semana.<\/p>\n<p>Segundo as autoridades, mais de 32 mil pessoas participaram hoje dos protestos em toda a Fran\u00e7a. Na semana anterior havia sido pouco mais de 28 mil.<\/p>\n<p>As reivindica\u00e7\u00f5es dos protestos, que incluem tanto integrantes de movimentos de extrema direita como de extrema esquerda, s\u00e3o v\u00e1rios. Entretanto, as principais preocupa\u00e7\u00f5es s\u00e3o relacionadas aos altos impostos e aos sal\u00e1rios em queda.<\/p>\n<p>Cr\u00edticos do governo afirmam que Macron favorece os ricos em detrimento dos menos favorecidos. A popularidade do presidente franc\u00eas vem caindo drasticamente desde sua elei\u00e7\u00e3o em 2017, embora tenha melhorado nos \u00faltimos meses \u2013 para 28%.<\/p>\n<p><em>*Com informa\u00e7\u00f5es da Deutsche Welle (ag\u00eancia p\u00fablica da Alemanha)<\/em><\/p>\n","protected":false},"excerpt":{"rendered":"<p>A pol\u00edcia de Paris informou que prendeu quase 240 pessoas neste s\u00e1bado (16) ap\u00f3s violentos dist\u00farbios ocorridos durante os protestos dos &#8220;coletes amarelos&#8221;. No 18\u00ba fim de semana consecutivo de manifesta\u00e7\u00f5es contra o presidente Emmanuel Macron, v\u00e1rias lojas foram saqueadas e incendiadas no centro da capital francesa. Houve confrontos entre manifestantes e policiais, que responderam &hellip;<\/p>\n","protected":false},"author":3,"featured_media":46193,"comment_status":"open","ping_status":"open","sticky":false,"template":"","format":"standard","meta":{"_exactmetrics_skip_tracking":false,"_exactmetrics_sitenote_active":false,"_exactmetrics_sitenote_note":"","_exactmetrics_sitenote_category":0,"footnotes":""},"categories":[8],"tags":[],"_links":{"self":[{"href":"https:\/\/goiasemtempo.com.br\/home\/wp-json\/wp\/v2\/posts\/46192"}],"collection":[{"href":"https:\/\/goiasemtempo.com.br\/home\/wp-json\/wp\/v2\/posts"}],"about":[{"href":"https:\/\/goiasemtempo.com.br\/home\/wp-json\/wp\/v2\/types\/post"}],"author":[{"embeddable":true,"href":"https:\/\/goiasemtempo.com.br\/home\/wp-json\/wp\/v2\/users\/3"}],"replies":[{"embeddable":true,"href":"https:\/\/goiasemtempo.com.br\/home\/wp-json\/wp\/v2\/comments?post=46192"}],"version-history":[{"count":1,"href":"https:\/\/goiasemtempo.com.br\/home\/wp-json\/wp\/v2\/posts\/46192\/revisions"}],"predecessor-version":[{"id":46194,"href":"https:\/\/goiasemtempo.com.br\/home\/wp-json\/wp\/v2\/posts\/46192\/revisions\/46194"}],"wp:featuredmedia":[{"embeddable":true,"href":"https:\/\/goiasemtempo.com.br\/home\/wp-json\/wp\/v2\/media\/46193"}],"wp:attachment":[{"href":"https:\/\/goiasemtempo.com.br\/home\/wp-json\/wp\/v2\/media?parent=46192"}],"wp:term":[{"taxonomy":"category","embeddable":true,"href":"https:\/\/goiasemtempo.com.br\/home\/wp-json\/wp\/v2\/categories?post=46192"},{"taxonomy":"post_tag","embeddable":true,"href":"https:\/\/goiasemtempo.com.br\/home\/wp-json\/wp\/v2\/tags?post=46192"}],"curies":[{"name":"wp","href":"https:\/\/api.w.org\/{rel}","templated":true}]}}