{"id":46115,"date":"2019-03-14T18:01:56","date_gmt":"2019-03-14T18:01:56","guid":{"rendered":"http:\/\/goiasemtempo.com.br\/home\/?p=46115"},"modified":"2019-03-14T18:08:44","modified_gmt":"2019-03-14T18:08:44","slug":"caiado-ignora-cargos-vagos-em-anapolis-e-cidade-sofre-com-descaso-do-governo","status":"publish","type":"post","link":"https:\/\/goiasemtempo.com.br\/home\/caiado-ignora-cargos-vagos-em-anapolis-e-cidade-sofre-com-descaso-do-governo\/","title":{"rendered":"Caiado ignora cargos vagos em An\u00e1polis, e cidade sofre com descaso do governo"},"content":{"rendered":"<p>O governador Ronaldo Caiado n\u00e3o d\u00e1 nenhuma pista sobre a indica\u00e7\u00e3o de titulares para \u00f3rg\u00e3os do Governo do estado sediados em An\u00e1polis, em que pese a expressiva vota\u00e7\u00e3o\u00a0 obtida no munic\u00edpio,\u00a0<span class=\"qtd-votos\">117.523 votos,\u00a0\u00a0<span class=\"porcentagem\">67,57% do total.\u00a0<\/span><\/span><\/p>\n<p>Nem o fato de ter nascido nesta cidade estimula o governador a apressar a nomea\u00e7\u00e3o de pessoas para aproximadamente 56 cargos dispon\u00edveis em An\u00e1polis. At\u00e9 o momento a \u00fanica nomea\u00e7\u00e3o oficializada foi a do professor Luciano, para a Coordena\u00e7\u00e3o de Educa\u00e7\u00e3o e Cultura \u2013 antiga Subdelegacia do Ensino.Nos bastidores especulam-se as indica\u00e7\u00f5es de Marlon Caiado, para a administra\u00e7\u00e3o do DAIA e Joaquim Amarildo, para a CIRETRAN.<\/p>\n<p><img decoding=\"async\" src=\"http:\/\/s2.glbimg.com\/UPxZHD4W7OvENJh9F0VVi5Whzjo=\/620x465\/s.glbimg.com\/jo\/g1\/f\/original\/2016\/09\/03\/anp2.jpg\" alt=\"Resultado de imagem para anapolis\" \/><\/p>\n<p>An\u00e1polis, cidade natal do governador Ronaldo Caiado: Foto: Reprodu\u00e7\u00e3o.<\/p>\n<p>O presidente do DEM, Carlos Cesar Toledo, informou em entrevista, que nem 50% dos cargos da m\u00e1quina administrativa estadual foram completados e que esse processo depende da reforma administrativa que precisa de aprova\u00e7\u00e3o da Assembleia Legislativa.<\/p>\n<p>Edi\u00e7\u00e3o: Marcus Vinicius Isaac<\/p>\n","protected":false},"excerpt":{"rendered":"<p>O governador Ronaldo Caiado n\u00e3o d\u00e1 nenhuma pista sobre a indica\u00e7\u00e3o de titulares para \u00f3rg\u00e3os do Governo do estado sediados em An\u00e1polis, em que pese a expressiva vota\u00e7\u00e3o\u00a0 obtida no munic\u00edpio,\u00a0117.523 votos,\u00a0\u00a067,57% do total.\u00a0 Nem o fato de ter nascido nesta cidade estimula o governador a apressar a nomea\u00e7\u00e3o de pessoas para aproximadamente 56 cargos &hellip;<\/p>\n","protected":false},"author":3,"featured_media":46116,"comment_status":"open","ping_status":"open","sticky":false,"template":"","format":"standard","meta":{"_exactmetrics_skip_tracking":false,"_exactmetrics_sitenote_active":false,"_exactmetrics_sitenote_note":"","_exactmetrics_sitenote_category":0,"footnotes":""},"categories":[19],"tags":[],"_links":{"self":[{"href":"https:\/\/goiasemtempo.com.br\/home\/wp-json\/wp\/v2\/posts\/46115"}],"collection":[{"href":"https:\/\/goiasemtempo.com.br\/home\/wp-json\/wp\/v2\/posts"}],"about":[{"href":"https:\/\/goiasemtempo.com.br\/home\/wp-json\/wp\/v2\/types\/post"}],"author":[{"embeddable":true,"href":"https:\/\/goiasemtempo.com.br\/home\/wp-json\/wp\/v2\/users\/3"}],"replies":[{"embeddable":true,"href":"https:\/\/goiasemtempo.com.br\/home\/wp-json\/wp\/v2\/comments?post=46115"}],"version-history":[{"count":3,"href":"https:\/\/goiasemtempo.com.br\/home\/wp-json\/wp\/v2\/posts\/46115\/revisions"}],"predecessor-version":[{"id":46119,"href":"https:\/\/goiasemtempo.com.br\/home\/wp-json\/wp\/v2\/posts\/46115\/revisions\/46119"}],"wp:featuredmedia":[{"embeddable":true,"href":"https:\/\/goiasemtempo.com.br\/home\/wp-json\/wp\/v2\/media\/46116"}],"wp:attachment":[{"href":"https:\/\/goiasemtempo.com.br\/home\/wp-json\/wp\/v2\/media?parent=46115"}],"wp:term":[{"taxonomy":"category","embeddable":true,"href":"https:\/\/goiasemtempo.com.br\/home\/wp-json\/wp\/v2\/categories?post=46115"},{"taxonomy":"post_tag","embeddable":true,"href":"https:\/\/goiasemtempo.com.br\/home\/wp-json\/wp\/v2\/tags?post=46115"}],"curies":[{"name":"wp","href":"https:\/\/api.w.org\/{rel}","templated":true}]}}