{"id":45959,"date":"2019-03-09T17:07:39","date_gmt":"2019-03-09T17:07:39","guid":{"rendered":"http:\/\/goiasemtempo.com.br\/home\/?p=45959"},"modified":"2019-03-09T17:07:39","modified_gmt":"2019-03-09T17:07:39","slug":"justica-anula-contratos-com-empresas-para-transporte-intermunicipal-em-goias","status":"publish","type":"post","link":"https:\/\/goiasemtempo.com.br\/home\/justica-anula-contratos-com-empresas-para-transporte-intermunicipal-em-goias\/","title":{"rendered":"Justi\u00e7a anula contratos com empresas para transporte intermunicipal em Goi\u00e1s"},"content":{"rendered":"<p>A partir de agora, est\u00e3o anuladas as autoriza\u00e7\u00f5es e eventuais contratos firmados com empresas particulares para presta\u00e7\u00e3o de servi\u00e7o p\u00fablico de transporte intermunicipal de passageiros, bem como determinou a realiza\u00e7\u00e3o de licita\u00e7\u00e3o para os contratos. Essa \u00e9 a decis\u00e3o final da ju\u00edza Zilmene Manzolli em a\u00e7\u00e3o movida pelo MP contra a Estado de Goi\u00e1s, a Ag\u00eancia Goiana de Regula\u00e7\u00e3o, Controle e Fiscaliza\u00e7\u00e3o de Servi\u00e7os P\u00fablicos (AGR) e o ent\u00e3o presidente da entidade, Ridoval Darci Chiareloto, em 2016. At\u00e9 a deflagra\u00e7\u00e3o dos processos licitat\u00f3rios, a vig\u00eancia dos contratos dever\u00e1 perdurar, determinou a magistrada.<\/p>\n<p>Conforme requerido pela promotora de Justi\u00e7a Villis Marra, tamb\u00e9m foi declarada incidentalmente a inconstitucionalidade dos artigos 2\u00b0, 7\u00b0 e 10\u00b0, par\u00e1grafo 1\u00b0, I da Lei Estadual n\u00b0 18.673\/204, do Decreto n\u00b0 8.444\/2015 e da Resolu\u00e7\u00e3o Normativa da AGR 40\/2015-CR, que tratam dos servi\u00e7os de transporte rodovi\u00e1rio intermunicipal de passageiros, bem como dos atos de autoriza\u00e7\u00e3o e eventuais contratos firmados entre os acionados e as empresas privadas prestadoras de servi\u00e7o p\u00fablico de transporte intermunicipal de passageiros.<\/p>\n<p>A a\u00e7\u00e3o apontou irregularidades na transfer\u00eancia da explora\u00e7\u00e3o do servi\u00e7o de transporte conferidas pela AGR a 12 empresas privadas, sem a realiza\u00e7\u00e3o de licita\u00e7\u00e3o. A promotora destacou que o Estado, antes de autorizar essa presta\u00e7\u00e3o de servi\u00e7o, j\u00e1 o fazia por meio de concess\u00e3o, modelo j\u00e1 combatido pelo MP, conforme processo em tramita\u00e7\u00e3o desde 2010 na 3\u00aa Vara da Fazenda P\u00fablica Estadual de Goi\u00e2nia, que tem como objetivo anular essas concess\u00f5es, justamente por n\u00e3o terem sido precedidas de licita\u00e7\u00e3o, a exemplo do modelo adotado pela AGR.<\/p>\n<p>Na \u00e9poca da propositura da a\u00e7\u00e3o existiam aproximadamente 35 empresas prestadoras no transporte intermunicipal em Goi\u00e1s, algumas delas com concess\u00f5es vigentes h\u00e1 mais de 50 anos, sem nunca terem se submetido a procedimento licitat\u00f3rio. Segundo a promotora, com o vencimento das concess\u00f5es, o Estado est\u00e1 prorrogando os contratos sob uma nova roupagem, agora por meio de autoriza\u00e7\u00e3o. A informa\u00e7\u00e3o \u00e9 que, das 35 empresas, 12 passaram de concession\u00e1rias para autorizat\u00e1rias, com contratos que t\u00eam validade por 15 anos. As autoriza\u00e7\u00f5es contrariariam a Constitui\u00e7\u00e3o Federal, que n\u00e3o prev\u00ea tal modalidade para presta\u00e7\u00e3o de servi\u00e7os p\u00fablicos.<\/p>\n<p>Ap\u00f3s o ingresso da a\u00e7\u00e3o de improbidade, uma liminar foi concedida em janeiro de 2017, proibindo os acionados de firmarem novas autoriza\u00e7\u00f5es irregulares, bem como vetando a renova\u00e7\u00e3o das outorgas, conforme seu vencimento, e, agora, a demanda teve seu julgamento de m\u00e9rito<em>. (Cristiani Hon\u00f3rio \/Assessoria de Comunica\u00e7\u00e3o Social do MP-GO)<\/em><\/p>\n","protected":false},"excerpt":{"rendered":"<p>A partir de agora, est\u00e3o anuladas as autoriza\u00e7\u00f5es e eventuais contratos firmados com empresas particulares para presta\u00e7\u00e3o de servi\u00e7o p\u00fablico de transporte intermunicipal de passageiros, bem como determinou a realiza\u00e7\u00e3o de licita\u00e7\u00e3o para os contratos. Essa \u00e9 a decis\u00e3o final da ju\u00edza Zilmene Manzolli em a\u00e7\u00e3o movida pelo MP contra a Estado de Goi\u00e1s, a &hellip;<\/p>\n","protected":false},"author":3,"featured_media":45960,"comment_status":"open","ping_status":"open","sticky":false,"template":"","format":"standard","meta":{"_exactmetrics_skip_tracking":false,"_exactmetrics_sitenote_active":false,"_exactmetrics_sitenote_note":"","_exactmetrics_sitenote_category":0,"footnotes":""},"categories":[26],"tags":[],"_links":{"self":[{"href":"https:\/\/goiasemtempo.com.br\/home\/wp-json\/wp\/v2\/posts\/45959"}],"collection":[{"href":"https:\/\/goiasemtempo.com.br\/home\/wp-json\/wp\/v2\/posts"}],"about":[{"href":"https:\/\/goiasemtempo.com.br\/home\/wp-json\/wp\/v2\/types\/post"}],"author":[{"embeddable":true,"href":"https:\/\/goiasemtempo.com.br\/home\/wp-json\/wp\/v2\/users\/3"}],"replies":[{"embeddable":true,"href":"https:\/\/goiasemtempo.com.br\/home\/wp-json\/wp\/v2\/comments?post=45959"}],"version-history":[{"count":1,"href":"https:\/\/goiasemtempo.com.br\/home\/wp-json\/wp\/v2\/posts\/45959\/revisions"}],"predecessor-version":[{"id":45961,"href":"https:\/\/goiasemtempo.com.br\/home\/wp-json\/wp\/v2\/posts\/45959\/revisions\/45961"}],"wp:featuredmedia":[{"embeddable":true,"href":"https:\/\/goiasemtempo.com.br\/home\/wp-json\/wp\/v2\/media\/45960"}],"wp:attachment":[{"href":"https:\/\/goiasemtempo.com.br\/home\/wp-json\/wp\/v2\/media?parent=45959"}],"wp:term":[{"taxonomy":"category","embeddable":true,"href":"https:\/\/goiasemtempo.com.br\/home\/wp-json\/wp\/v2\/categories?post=45959"},{"taxonomy":"post_tag","embeddable":true,"href":"https:\/\/goiasemtempo.com.br\/home\/wp-json\/wp\/v2\/tags?post=45959"}],"curies":[{"name":"wp","href":"https:\/\/api.w.org\/{rel}","templated":true}]}}