{"id":45769,"date":"2019-03-01T17:29:18","date_gmt":"2019-03-01T17:29:18","guid":{"rendered":"http:\/\/goiasemtempo.com.br\/home\/?p=45769"},"modified":"2019-03-01T17:35:53","modified_gmt":"2019-03-01T17:35:53","slug":"defesa-de-lula-pede-a-justica-saida-da-prisao-para-enterro-do-neto-de7-anos","status":"publish","type":"post","link":"https:\/\/goiasemtempo.com.br\/home\/defesa-de-lula-pede-a-justica-saida-da-prisao-para-enterro-do-neto-de7-anos\/","title":{"rendered":"Defesa de Lula pede \u00e0 Justi\u00e7a sa\u00edda da pris\u00e3o para enterro do neto de 7 anos"},"content":{"rendered":"<div class=\"mc-column content-text active-extra-styles active-capital-letter\" data-block-type=\"unstyled\" data-block-weight=\"45\" data-block-id=\"2\">\n<p class=\"content-text__container theme-color-primary-first-letter\" data-track-category=\"Link no Texto\" data-track-links=\"\">A defesa do ex-presidente Lu\u00eds In\u00e1cio Lula da Silva (PT), preso em Curitiba, pediu para que a Justi\u00e7a autorize a sa\u00edda dele para o enterro do neto. Arthur Lula da Silva,de 7 anos,morreu nesta sexta-feira (1\u00ba) v\u00edtima de meningite meningoc\u00f3cica, em S\u00e3o Paulo.<\/p>\n<\/div>\n<div class=\"wall protected-content\">\n<div class=\"mc-column content-text active-extra-styles \" data-block-type=\"unstyled\" data-block-weight=\"50\" data-block-id=\"3\">\n<p class=\"content-text__container \" data-track-category=\"Link no Texto\" data-track-links=\"\">O pedido cita o o artigo 120 da Lei de Execu\u00e7\u00e3o, que fala que &#8220;os condenados que cumprem pena em regime fechado ou semi-aberto e os presos provis\u00f3rios poder\u00e3o obter permiss\u00e3o para sair do estabelecimento, mediante escolta, quando ocorrer falecimento ou doen\u00e7a grave do c\u00f4njuge, companheira, ascendente, descendente ou irm\u00e3o&#8221;.<\/p>\n<p data-track-category=\"Link no Texto\" data-track-links=\"\"><img decoding=\"async\" src=\"https:\/\/s2.glbimg.com\/by5tg4Fg_jIX7BXHgbYIxfiy5x8=\/0x0:775x800\/984x0\/smart\/filters:strip_icc()\/i.s3.glbimg.com\/v1\/AUTH_59edd422c0c84a879bd37670ae4f538a\/internal_photos\/bs\/2019\/v\/N\/BSR7NUQNKQ8kNKvvBzLA\/lula-com-o-neto.jpeg\" alt=\"Lula, o neto Arthur, e dona Marisa no anivers\u00e1rio de 70 anos do ex-presidente \u2014 Foto: Ricardo Stuckert\/G1 \" \/><\/p>\n<\/div>\n<div class=\"mc-column content-text active-extra-styles \" data-block-type=\"unstyled\" data-block-weight=\"22\" data-block-id=\"12\">\n<p class=\"content-text__container \" data-track-category=\"Link no Texto\" data-track-links=\"\">Lula cumpre pena de 12 anos e 1 m\u00eas determinada pelo TRF4,na primeira condena\u00e7\u00e3o dele na segunda inst\u00e2ncia pela Lava Jato.<\/p>\n<\/div>\n<div class=\"mc-column content-text active-extra-styles \" data-block-type=\"unstyled\" data-block-weight=\"18\" data-block-id=\"13\">\n<p class=\"content-text__container \" data-track-category=\"Link no Texto\" data-track-links=\"\">O ex-presidente foi condenado por corrup\u00e7\u00e3o passiva e lavagem de dinheiro no caso do triplex no Guaruj\u00e1 (SP).<\/p>\n<\/div>\n<div class=\"mc-column content-text active-extra-styles \" data-block-type=\"unstyled\" data-block-weight=\"36\" data-block-id=\"14\">\n<p class=\"content-text__container \" data-track-category=\"Link no Texto\" data-track-links=\"\">No dia 6 de fevereiro, o petista tamb\u00e9m foi condenado em primeira inst\u00e2ncia a 12 anos e 11 meses de pris\u00e3o por corrup\u00e7\u00e3o e lavagem de dinheiro\u00a0em a\u00e7\u00e3o da Lava Jato sobre s\u00edtio de Atibaia<\/p>\n<\/div>\n<div class=\"mc-column content-text active-extra-styles \" data-block-type=\"unstyled\" data-block-weight=\"42\" data-block-id=\"15\">\n<p class=\"content-text__container \" data-track-category=\"Link no Texto\" data-track-links=\"\">Lula ainda \u00e9 r\u00e9u em outro processo da Opera\u00e7\u00e3o Lava Jato em Curitiba que apura se ele recebeu vantagens por meio de um apartamento e de um terreno onde seria constru\u00edda a sede do Instituto Lula. A obra n\u00e3o saiu do papel.<\/p>\n<p data-track-category=\"Link no Texto\" data-track-links=\"\">Com Ag\u00eancia de Not\u00edcias\/<\/p>\n<\/div>\n<div class=\"row medium-uncollapsed content-media content-photo\" data-block-type=\"backstage-photo\" data-block-id=\"16\">\n<div class=\"mc-column content-media__container\">\n<div class=\"progressive-img can-open-lightbox\" data-min-size=\"1008x983\" data-min-size-url=\"https:\/\/s2.glbimg.com\/wZw2X6BvpHlJfWWC4qs0x_sERAA=\/0x0:750x732\/1008x0\/smart\/filters:strip_icc()\/i.s3.glbimg.com\/v1\/AUTH_59edd422c0c84a879bd37670ae4f538a\/internal_photos\/bs\/2019\/x\/j\/7aJyS3T42xabtvYNrY3w\/netolula-2-.jpeg\" data-max-size=\"1600x1561\" data-max-size-url=\"https:\/\/s2.glbimg.com\/W_YVxdqIzjP-nkBcMApl1TYsr2w=\/0x0:750x732\/1600x0\/smart\/filters:strip_icc()\/i.s3.glbimg.com\/v1\/AUTH_59edd422c0c84a879bd37670ae4f538a\/internal_photos\/bs\/2019\/x\/j\/7aJyS3T42xabtvYNrY3w\/netolula-2-.jpeg\" data-media-index=\"3\"><\/div>\n<\/div>\n<\/div>\n<\/div>\n","protected":false},"excerpt":{"rendered":"<p>A defesa do ex-presidente Lu\u00eds In\u00e1cio Lula da Silva (PT), preso em Curitiba, pediu para que a Justi\u00e7a autorize a sa\u00edda dele para o enterro do neto. Arthur Lula da Silva,de 7 anos,morreu nesta sexta-feira (1\u00ba) v\u00edtima de meningite meningoc\u00f3cica, em S\u00e3o Paulo. O pedido cita o o artigo 120 da Lei de Execu\u00e7\u00e3o, que &hellip;<\/p>\n","protected":false},"author":3,"featured_media":45771,"comment_status":"open","ping_status":"open","sticky":false,"template":"","format":"standard","meta":{"footnotes":""},"categories":[4],"tags":[],"class_list":["post-45769","post","type-post","status-publish","format-standard","has-post-thumbnail","hentry","category-ultimas-noticias"],"_links":{"self":[{"href":"https:\/\/goiasemtempo.com.br\/home\/wp-json\/wp\/v2\/posts\/45769","targetHints":{"allow":["GET"]}}],"collection":[{"href":"https:\/\/goiasemtempo.com.br\/home\/wp-json\/wp\/v2\/posts"}],"about":[{"href":"https:\/\/goiasemtempo.com.br\/home\/wp-json\/wp\/v2\/types\/post"}],"author":[{"embeddable":true,"href":"https:\/\/goiasemtempo.com.br\/home\/wp-json\/wp\/v2\/users\/3"}],"replies":[{"embeddable":true,"href":"https:\/\/goiasemtempo.com.br\/home\/wp-json\/wp\/v2\/comments?post=45769"}],"version-history":[{"count":4,"href":"https:\/\/goiasemtempo.com.br\/home\/wp-json\/wp\/v2\/posts\/45769\/revisions"}],"predecessor-version":[{"id":45774,"href":"https:\/\/goiasemtempo.com.br\/home\/wp-json\/wp\/v2\/posts\/45769\/revisions\/45774"}],"wp:featuredmedia":[{"embeddable":true,"href":"https:\/\/goiasemtempo.com.br\/home\/wp-json\/wp\/v2\/media\/45771"}],"wp:attachment":[{"href":"https:\/\/goiasemtempo.com.br\/home\/wp-json\/wp\/v2\/media?parent=45769"}],"wp:term":[{"taxonomy":"category","embeddable":true,"href":"https:\/\/goiasemtempo.com.br\/home\/wp-json\/wp\/v2\/categories?post=45769"},{"taxonomy":"post_tag","embeddable":true,"href":"https:\/\/goiasemtempo.com.br\/home\/wp-json\/wp\/v2\/tags?post=45769"}],"curies":[{"name":"wp","href":"https:\/\/api.w.org\/{rel}","templated":true}]}}