{"id":45708,"date":"2019-02-27T19:04:06","date_gmt":"2019-02-27T19:04:06","guid":{"rendered":"http:\/\/goiasemtempo.com.br\/home\/?p=45708"},"modified":"2019-02-27T19:04:06","modified_gmt":"2019-02-27T19:04:06","slug":"prefeito-autoriza-e-pracas-de-anapolis-serao-revitalizadas-e-monitoradas","status":"publish","type":"post","link":"https:\/\/goiasemtempo.com.br\/home\/prefeito-autoriza-e-pracas-de-anapolis-serao-revitalizadas-e-monitoradas\/","title":{"rendered":"Prefeito autoriza, e pra\u00e7as de An\u00e1polis ser\u00e3o revitalizadas e monitoradas"},"content":{"rendered":"<p>O prefeito Roberto Naves autorizou a contrata\u00e7\u00e3o de uma empresa para desenvolver projetos para a revitaliza\u00e7\u00e3o de todas as pra\u00e7as de An\u00e1polis. O secret\u00e1rio Jackson Charles,em entrevista a uma emissora da cidade,reconheceu a precariedade da Pra\u00e7a Bom Jesus e informou que ela est\u00e1 entre as prioridades para o atendimento.Os servi\u00e7os no local ser\u00e3o para recuperar a fonte luminosa, os jardins, bancos e os espa\u00e7os destinados ao lazer dos moradores.<\/p>\n<p>Outra informa\u00e7\u00e3o dada pelo secret\u00e1rio do Meio Ambiente foi relativa a cria\u00e7\u00e3o de um sistema de monitoramento nos locais onde ocorrem lan\u00e7amentos indevidos de lixo.Al\u00e9m de placas no local advertindo para as penalidades a que est\u00e3o sujeitas as pessoas que sujam a cidade, ser\u00e1 colocado um telefone \u00e0 disposi\u00e7\u00e3o para a popula\u00e7\u00e3o denunciar casos de despejo de lixo em terrenos baldios.<\/p>\n<p><img decoding=\"async\" src=\"https:\/\/media-cdn.tripadvisor.com\/media\/photo-s\/07\/96\/41\/01\/praca-americano-do-brasil.jpg\" alt=\"Imagem relacionada\" \/><\/p>\n<p>Pra\u00e7a Americano do Brasil: Foto Reprodu\u00e7\u00e3o<\/p>\n<p>Outra iniciativa, segundo Jackson , visa criar facilidades para a popula\u00e7\u00e3o enviar fotos e v\u00eddeos de ve\u00edculos usados para o transporte e despejo de lixo em locais impr\u00f3prios. As a\u00e7\u00f5es tem o apoio do Minist\u00e9rio P\u00fablico, atrav\u00e9s da promotora Sandra Mara Garbelini.<\/p>\n<p>Edi\u00e7\u00e3o: Marcus Vinicius Isaac<\/p>\n","protected":false},"excerpt":{"rendered":"<p>O prefeito Roberto Naves autorizou a contrata\u00e7\u00e3o de uma empresa para desenvolver projetos para a revitaliza\u00e7\u00e3o de todas as pra\u00e7as de An\u00e1polis. O secret\u00e1rio Jackson Charles,em entrevista a uma emissora da cidade,reconheceu a precariedade da Pra\u00e7a Bom Jesus e informou que ela est\u00e1 entre as prioridades para o atendimento.Os servi\u00e7os no local ser\u00e3o para recuperar &hellip;<\/p>\n","protected":false},"author":3,"featured_media":45709,"comment_status":"open","ping_status":"open","sticky":false,"template":"","format":"standard","meta":{"_exactmetrics_skip_tracking":false,"_exactmetrics_sitenote_active":false,"_exactmetrics_sitenote_note":"","_exactmetrics_sitenote_category":0,"footnotes":""},"categories":[19],"tags":[],"_links":{"self":[{"href":"https:\/\/goiasemtempo.com.br\/home\/wp-json\/wp\/v2\/posts\/45708"}],"collection":[{"href":"https:\/\/goiasemtempo.com.br\/home\/wp-json\/wp\/v2\/posts"}],"about":[{"href":"https:\/\/goiasemtempo.com.br\/home\/wp-json\/wp\/v2\/types\/post"}],"author":[{"embeddable":true,"href":"https:\/\/goiasemtempo.com.br\/home\/wp-json\/wp\/v2\/users\/3"}],"replies":[{"embeddable":true,"href":"https:\/\/goiasemtempo.com.br\/home\/wp-json\/wp\/v2\/comments?post=45708"}],"version-history":[{"count":1,"href":"https:\/\/goiasemtempo.com.br\/home\/wp-json\/wp\/v2\/posts\/45708\/revisions"}],"predecessor-version":[{"id":45710,"href":"https:\/\/goiasemtempo.com.br\/home\/wp-json\/wp\/v2\/posts\/45708\/revisions\/45710"}],"wp:featuredmedia":[{"embeddable":true,"href":"https:\/\/goiasemtempo.com.br\/home\/wp-json\/wp\/v2\/media\/45709"}],"wp:attachment":[{"href":"https:\/\/goiasemtempo.com.br\/home\/wp-json\/wp\/v2\/media?parent=45708"}],"wp:term":[{"taxonomy":"category","embeddable":true,"href":"https:\/\/goiasemtempo.com.br\/home\/wp-json\/wp\/v2\/categories?post=45708"},{"taxonomy":"post_tag","embeddable":true,"href":"https:\/\/goiasemtempo.com.br\/home\/wp-json\/wp\/v2\/tags?post=45708"}],"curies":[{"name":"wp","href":"https:\/\/api.w.org\/{rel}","templated":true}]}}