{"id":4569,"date":"2017-12-24T18:24:50","date_gmt":"2017-12-24T18:24:50","guid":{"rendered":"http:\/\/goiasemtempo.com.br\/home\/?p=4569"},"modified":"2017-12-24T18:24:50","modified_gmt":"2017-12-24T18:24:50","slug":"americana-e-presa-no-zimbabue-por-comparar-mugabe-a-um-duende","status":"publish","type":"post","link":"https:\/\/goiasemtempo.com.br\/home\/americana-e-presa-no-zimbabue-por-comparar-mugabe-a-um-duende\/","title":{"rendered":"Americana \u00e9 presa no Zimb\u00e1bue por comparar Mugabe a um duende"},"content":{"rendered":"<p>Uma americana foi detida nesta sexta-feira (3) no Zimb\u00e1bue por ter descrito no Twitter o presidente desse pa\u00eds, Robert Mugabe, como um duende com uma mulher e um enteado que compraram um Rolls-Royce, indicou um grupo de advogados.<\/p>\n<p>A mulher, que trabalha para a rede privada Magamba TV, foi detida nesta sexta-feira em sua casa em Harare e levada para a principal delegacia da capital, como informou a Associa\u00e7\u00e3o de Advogados do Zimb\u00e1bue para os Direitos Humanos (ZLHR) em comunicado.<\/p>\n<p>De acordo com essa ONG, o tu\u00edte sequer cita explicitamente o nome do presidente.<\/p>\n<p>A embaixada dos Estados Unidos em Harare est\u00e1 em contato com a pessoa detida, de nacionalidade americana, assim como com o seu advogado. Continuamos observando a situa\u00e7\u00e3o, disse \u00e0 AFP o porta-voz da embaixada, David McGuire.<\/p>\n<p>Segundo a imprensa local independente, a mulher do presidente, Grace Mugabe, e um de seus filhos, Russell Goreraza, compraram Rolls-Royce Ghost, cujo valor \u00e9 estimado em 220.000 d\u00f3lares.<\/p>\n<p>O filho da primeira-dama tamb\u00e9m tinha duas Range Rover, dois Mercedes e um Aston Martin, conforme citado pelas mesmas fontes.<\/p>\n<p>Nos \u00faltimos anos, v\u00e1rias pessoas foram presas no Zimb\u00e1bue por coment\u00e1rios considerados insultuosos contra Mugabe, por\u00e9m at\u00e9 o momento nenhum delas foi condenada.<\/p>\n<p>O presidente nomeou recentemente em seu governo um ministro de Ciberseguran\u00e7a, respons\u00e1vel por supervisionar as redes sociais.<\/p>\n<p>Mugabe, 93 anos, exerce a fun\u00e7\u00e3o de presidente do pa\u00eds desde 1980, e j\u00e1 anunciou que espera por um novo mandato em 2018.<\/p>\n","protected":false},"excerpt":{"rendered":"<p>Uma americana foi detida nesta sexta-feira (3) no Zimb\u00e1bue por ter descrito no Twitter o presidente desse pa\u00eds, Robert Mugabe, como um duende com uma mulher e um enteado que compraram um Rolls-Royce, indicou um grupo de advogados. A mulher, que trabalha para a rede privada Magamba TV, foi detida nesta sexta-feira em sua casa &hellip;<\/p>\n","protected":false},"author":2,"featured_media":2011,"comment_status":"open","ping_status":"open","sticky":false,"template":"","format":"standard","meta":{"_exactmetrics_skip_tracking":false,"_exactmetrics_sitenote_active":false,"_exactmetrics_sitenote_note":"","_exactmetrics_sitenote_category":0,"footnotes":""},"categories":[4],"tags":[],"_links":{"self":[{"href":"https:\/\/goiasemtempo.com.br\/home\/wp-json\/wp\/v2\/posts\/4569"}],"collection":[{"href":"https:\/\/goiasemtempo.com.br\/home\/wp-json\/wp\/v2\/posts"}],"about":[{"href":"https:\/\/goiasemtempo.com.br\/home\/wp-json\/wp\/v2\/types\/post"}],"author":[{"embeddable":true,"href":"https:\/\/goiasemtempo.com.br\/home\/wp-json\/wp\/v2\/users\/2"}],"replies":[{"embeddable":true,"href":"https:\/\/goiasemtempo.com.br\/home\/wp-json\/wp\/v2\/comments?post=4569"}],"version-history":[{"count":1,"href":"https:\/\/goiasemtempo.com.br\/home\/wp-json\/wp\/v2\/posts\/4569\/revisions"}],"predecessor-version":[{"id":4570,"href":"https:\/\/goiasemtempo.com.br\/home\/wp-json\/wp\/v2\/posts\/4569\/revisions\/4570"}],"wp:featuredmedia":[{"embeddable":true,"href":"https:\/\/goiasemtempo.com.br\/home\/wp-json\/wp\/v2\/media\/2011"}],"wp:attachment":[{"href":"https:\/\/goiasemtempo.com.br\/home\/wp-json\/wp\/v2\/media?parent=4569"}],"wp:term":[{"taxonomy":"category","embeddable":true,"href":"https:\/\/goiasemtempo.com.br\/home\/wp-json\/wp\/v2\/categories?post=4569"},{"taxonomy":"post_tag","embeddable":true,"href":"https:\/\/goiasemtempo.com.br\/home\/wp-json\/wp\/v2\/tags?post=4569"}],"curies":[{"name":"wp","href":"https:\/\/api.w.org\/{rel}","templated":true}]}}