{"id":45678,"date":"2019-02-27T16:58:48","date_gmt":"2019-02-27T16:58:48","guid":{"rendered":"http:\/\/goiasemtempo.com.br\/home\/?p=45678"},"modified":"2019-02-27T17:00:25","modified_gmt":"2019-02-27T17:00:25","slug":"habeas-corpus-ao-tenente-coronel-belelli-e-concedido-pela-justica","status":"publish","type":"post","link":"https:\/\/goiasemtempo.com.br\/home\/habeas-corpus-ao-tenente-coronel-belelli-e-concedido-pela-justica\/","title":{"rendered":"Habeas corpus ao tenente-coronel Belelli \u00e9 concedido pela justi\u00e7a"},"content":{"rendered":"<p>O Tribunal de Justi\u00e7a de Goi\u00e1s(TJ-GO)\u00a0concedeu, na tarde desta ter\u00e7a-feira (26), habeas corpus para o tenente-coronel Carlos Eduardo Belelli.Ele estava preso desde o \u00faltimo dia 18 de dezembro ap\u00f3s a deflagra\u00e7\u00e3o da Opera\u00e7\u00e3o Circo da Morte, que investiga participa\u00e7\u00e3o de policiais em grupos de exterm\u00ednio que atuava em Caldas Novas,Santo Ant\u00f4nio do Descoberto e Alto Para\u00edso de Goi\u00e1s.<\/p>\n<p>O desembargador Itaney Francisco pediu manuten\u00e7\u00e3o da pris\u00e3o de Belelli, mas foi vencido pelo voto do relator do processo, Ivo F\u00e1voro, e de mais dois presentes:\u00a0Averlirdes Almeida e Jos\u00e9 Paganucci. \u201cEsse resultado mostrou a mais cristalina da Justi\u00e7a e que a pris\u00e3o de Belleli foi antecipada. Os argumentos para mant\u00ea-lo preso eram meras suposi\u00e7\u00f5es\u201d, afirmou o advogado do tenente-coronel, Ricardo Naves.<\/p>\n<p>O Minist\u00e9rio P\u00fablico de Goi\u00e1s (MPGO) afirmou que s\u00f3 vai se pronunciar \u201cap\u00f3s tomar conhecimento formal da decis\u00e3o do TJ-GO\u201d. Quando a opera\u00e7\u00e3o foi deflagrada, Belelli foi encaminhado \u00e0 sede da Pol\u00edcia Federal, em Bras\u00edlia, e transferido para o pres\u00eddio da Pol\u00edcia Militar, em Goi\u00e2nia.<\/p>\n<p><strong>Opera\u00e7\u00e3o Circo da Morte\u00a0<\/strong><\/p>\n<p>Segundo o MP-GO,\u00a0 o tenente-coronel e outros quatro PMs,que foram\u00a0 que foram soltos semana passada ,s\u00e3o investigados por participar de um grupo de exterm\u00ednio que agiam em tr\u00eas cidades goianas. De<\/p>\n<p>O Tribunal de Justi\u00e7a do Estado de Goi\u00e1s (TJGO) concedeu, na tarde desta ter\u00e7a-feira (26), habeas corpus para o tenente-coronel Carlos Eduardo Belelli. Ele estava preso desde o \u00faltimo dia 18 de dezembro ap\u00f3s a deflagra\u00e7\u00e3o da Opera\u00e7\u00e3o Circo da Morte, que investiga participa\u00e7\u00e3o de policiais em grupos de exterm\u00ednio que atuava em Caldas Novas, Santo Ant\u00f4nio do Descoberto e Alto Para\u00edso de Goi\u00e1s.<\/p>\n<p>O desembargador Itaney Francisco pediu manuten\u00e7\u00e3o da pris\u00e3o de Belelli, mas foi vencido pelo voto do relator do processo, Ivo F\u00e1voro, e de mais dois presentes: Averlirdes Almeida e Jos\u00e9 Paganucci. \u201cEsse resultado mostrou a mais cristalina da Justi\u00e7a e que a pris\u00e3o de Belleli foi antecipada. Os argumentos para mant\u00ea-lo preso eram meras suposi\u00e7\u00f5es\u201d, afirmou o advogado do tenente-coronel, Ricardo Naves.<\/p>\n<p>O Minist\u00e9rio P\u00fablico de Goi\u00e1s (MPGO) afirmou que s\u00f3 vai se pronunciar \u201cap\u00f3s tomar conhecimento formal da decis\u00e3o do TJ-GO\u201d. Quando a opera\u00e7\u00e3o foi deflagrada, Belelli foi encaminhado \u00e0 sede da Pol\u00edcia Federal, em Bras\u00edlia, e transferido para o pres\u00eddio da Pol\u00edcia Militar, em Goi\u00e2nia.<\/p>\n<p>Opera\u00e7\u00e3o Circo da Morte<\/p>\n<p>Segundo o MP-GO, o tenente-coronel e outros quatro PMs, que foram soltos na semana passada, s\u00e3o investigados por participar de um grupo de exterm\u00ednio que agiam em tr\u00eas cidades goianas. De acordo com o \u00f3rg\u00e3o, os casos investigados s\u00e3o as mortes de Douglas Carvalho da Silva, de 27 anos, e de Carlos Soares dos Prazeres Junior, de 18 anos, ocorridas em mar\u00e7o de 2017, em Caldas Novas, ap\u00f3s uma suposta troca de tiros com militares.<\/p>\n<p>Tamb\u00e9m s\u00e3o investigadas as mortes de Darlei Carvalho da Silva, de 31 anos, e da namorada dele, Dallyla Fernanda Martins da Silva, de 21 anos, que tamb\u00e9m aconteceram em mar\u00e7o de 2017. Segundo as investiga\u00e7\u00f5es, os dois foram sequestrados dentro de casa por homens encapuzados que se diziam policiais, em Santo Ant\u00f4nio do Descoberto.<\/p>\n<p>Belelli estava \u00e0 frente da opera\u00e7\u00e3o que terminou com a morte de Douglas. O tenente-coronel chegou a se candidatar a deputado estadual no ano passado e, apesar de ser o mais votado em Caldas Novas, n\u00e3o foi eleito para ocupar o cargo<\/p>\n<p>acordo com o \u00f3rg\u00e3o, os casos investigados s\u00e3o as mortes de Douglas Carvalho da Silva, de 27 anos, e de Carlos Soares dos Prazeres Junior, de 18 anos, ocorridas em mar\u00e7o de 2017, em Caldas Novas, ap\u00f3s uma suposta troca de tiros com militares.<\/p>\n<p>Tamb\u00e9m s\u00e3o investigadas as mortes de Darlei Carvalho da Silva, de 31 anos, e da namorada dele, Dallyla Fernanda Martins da Silva, de 21 anos, que tamb\u00e9m aconteceram em mar\u00e7o de 2017. Segundo as investiga\u00e7\u00f5es, os dois foram sequestrados dentro de casa por homens encapuzados que se diziam policiais, em Santo Ant\u00f4nio do Descoberto.<\/p>\n<p>Belelli estava \u00e0 frente da opera\u00e7\u00e3o que terminou com a morte de Douglas. O tenente-coronel chegou a se candidatar a deputado estadual\u00a0no ano passado e, apesar de ser o mais votado em Caldas Novas, n\u00e3o foi eleito para ocupar o cargo<\/p>\n","protected":false},"excerpt":{"rendered":"<p>O Tribunal de Justi\u00e7a de Goi\u00e1s(TJ-GO)\u00a0concedeu, na tarde desta ter\u00e7a-feira (26), habeas corpus para o tenente-coronel Carlos Eduardo Belelli.Ele estava preso desde o \u00faltimo dia 18 de dezembro ap\u00f3s a deflagra\u00e7\u00e3o da Opera\u00e7\u00e3o Circo da Morte, que investiga participa\u00e7\u00e3o de policiais em grupos de exterm\u00ednio que atuava em Caldas Novas,Santo Ant\u00f4nio do Descoberto e Alto &hellip;<\/p>\n","protected":false},"author":3,"featured_media":45679,"comment_status":"open","ping_status":"open","sticky":false,"template":"","format":"standard","meta":{"_exactmetrics_skip_tracking":false,"_exactmetrics_sitenote_active":false,"_exactmetrics_sitenote_note":"","_exactmetrics_sitenote_category":0,"footnotes":""},"categories":[26],"tags":[],"_links":{"self":[{"href":"https:\/\/goiasemtempo.com.br\/home\/wp-json\/wp\/v2\/posts\/45678"}],"collection":[{"href":"https:\/\/goiasemtempo.com.br\/home\/wp-json\/wp\/v2\/posts"}],"about":[{"href":"https:\/\/goiasemtempo.com.br\/home\/wp-json\/wp\/v2\/types\/post"}],"author":[{"embeddable":true,"href":"https:\/\/goiasemtempo.com.br\/home\/wp-json\/wp\/v2\/users\/3"}],"replies":[{"embeddable":true,"href":"https:\/\/goiasemtempo.com.br\/home\/wp-json\/wp\/v2\/comments?post=45678"}],"version-history":[{"count":2,"href":"https:\/\/goiasemtempo.com.br\/home\/wp-json\/wp\/v2\/posts\/45678\/revisions"}],"predecessor-version":[{"id":45681,"href":"https:\/\/goiasemtempo.com.br\/home\/wp-json\/wp\/v2\/posts\/45678\/revisions\/45681"}],"wp:featuredmedia":[{"embeddable":true,"href":"https:\/\/goiasemtempo.com.br\/home\/wp-json\/wp\/v2\/media\/45679"}],"wp:attachment":[{"href":"https:\/\/goiasemtempo.com.br\/home\/wp-json\/wp\/v2\/media?parent=45678"}],"wp:term":[{"taxonomy":"category","embeddable":true,"href":"https:\/\/goiasemtempo.com.br\/home\/wp-json\/wp\/v2\/categories?post=45678"},{"taxonomy":"post_tag","embeddable":true,"href":"https:\/\/goiasemtempo.com.br\/home\/wp-json\/wp\/v2\/tags?post=45678"}],"curies":[{"name":"wp","href":"https:\/\/api.w.org\/{rel}","templated":true}]}}