{"id":4563,"date":"2017-12-24T18:22:46","date_gmt":"2017-12-24T18:22:46","guid":{"rendered":"http:\/\/goiasemtempo.com.br\/home\/?p=4563"},"modified":"2017-12-24T18:22:46","modified_gmt":"2017-12-24T18:22:46","slug":"ameaca-iraniana-contribui-para-aproximacao-entre-israel-e-estados-muculmanos","status":"publish","type":"post","link":"https:\/\/goiasemtempo.com.br\/home\/ameaca-iraniana-contribui-para-aproximacao-entre-israel-e-estados-muculmanos\/","title":{"rendered":"Amea\u00e7a iraniana contribui para aproxima\u00e7\u00e3o entre Israel e Estados mu\u00e7ulmanos"},"content":{"rendered":"<p>O primeiro-ministro israelense, Benjamin Netanyahu, considerou nesta sexta-feira (3) em Londres que a amea\u00e7a representada pelo Ir\u00e3 for\u00e7a Israel a estabelecer uma alian\u00e7a que jamais pensaria ser poss\u00edvel com alguns pa\u00edses do Oriente M\u00e9dio.<\/p>\n<p>O Ir\u00e3 devora seus vizinhos um ap\u00f3s o outro: L\u00edbano, I\u00eamen e tenta fazer o mesmo com a S\u00edria e o Iraque, afirmou Netanyahu em uma interven\u00e7\u00e3o no think tank Chatham House.<\/p>\n<p>Diante dessa amea\u00e7a, a boa not\u00edcia \u00e9 que outras na\u00e7\u00f5es se unem em torno de Israel, como nunca havia ocorrido antes e como nunca acreditei que aconteceria, ressaltou.<\/p>\n<p>O primeiro-ministro afirmou que o seu governo trabalha de forma muito dura para estabelecer alian\u00e7as entre Israel e esses Estados, para condenar e se opor \u00e0 agress\u00e3o iraniana, o que constitui, segundo ele, uma promessa de paz para a regi\u00e3o.<\/p>\n<p>Netanyahu voltou a criticar o acordo sobre o programa nuclear iraniano assinado por Teer\u00e3 e o Grupo dos Seis &#8211; Estados Unidos, Alemanha, R\u00fassia, China, Fran\u00e7a e Reino Unido -, e disse que o texto n\u00e3o impedir\u00e1 que a Rep\u00fablica Isl\u00e2mica produza alguma bomba at\u00f4mica.<\/p>\n<p>Al\u00e9m disso, agradeceu a atual rela\u00e7\u00e3o entre Israel e os Estados Unidos.<\/p>\n<p>Tinha um impasse muito grande com [Barack] Obama a respeito do Ir\u00e3. Ele via o Ir\u00e3 como parte da solu\u00e7\u00e3o para a situa\u00e7\u00e3o no Oriente M\u00e9dio, declarou, enquanto acrescentou que a vis\u00e3o de Trump \u00e9 de que o Ir\u00e3 n\u00e3o \u00e9 a solu\u00e7\u00e3o, mas sim o problema, e \u00e9 uma mudan\u00e7a de enfoque importante, a qual apreciamos.<\/p>\n","protected":false},"excerpt":{"rendered":"<p>O primeiro-ministro israelense, Benjamin Netanyahu, considerou nesta sexta-feira (3) em Londres que a amea\u00e7a representada pelo Ir\u00e3 for\u00e7a Israel a estabelecer uma alian\u00e7a que jamais pensaria ser poss\u00edvel com alguns pa\u00edses do Oriente M\u00e9dio. O Ir\u00e3 devora seus vizinhos um ap\u00f3s o outro: L\u00edbano, I\u00eamen e tenta fazer o mesmo com a S\u00edria e o &hellip;<\/p>\n","protected":false},"author":2,"featured_media":2008,"comment_status":"open","ping_status":"open","sticky":false,"template":"","format":"standard","meta":{"footnotes":""},"categories":[4],"tags":[],"class_list":["post-4563","post","type-post","status-publish","format-standard","has-post-thumbnail","hentry","category-ultimas-noticias"],"_links":{"self":[{"href":"https:\/\/goiasemtempo.com.br\/home\/wp-json\/wp\/v2\/posts\/4563","targetHints":{"allow":["GET"]}}],"collection":[{"href":"https:\/\/goiasemtempo.com.br\/home\/wp-json\/wp\/v2\/posts"}],"about":[{"href":"https:\/\/goiasemtempo.com.br\/home\/wp-json\/wp\/v2\/types\/post"}],"author":[{"embeddable":true,"href":"https:\/\/goiasemtempo.com.br\/home\/wp-json\/wp\/v2\/users\/2"}],"replies":[{"embeddable":true,"href":"https:\/\/goiasemtempo.com.br\/home\/wp-json\/wp\/v2\/comments?post=4563"}],"version-history":[{"count":1,"href":"https:\/\/goiasemtempo.com.br\/home\/wp-json\/wp\/v2\/posts\/4563\/revisions"}],"predecessor-version":[{"id":4564,"href":"https:\/\/goiasemtempo.com.br\/home\/wp-json\/wp\/v2\/posts\/4563\/revisions\/4564"}],"wp:featuredmedia":[{"embeddable":true,"href":"https:\/\/goiasemtempo.com.br\/home\/wp-json\/wp\/v2\/media\/2008"}],"wp:attachment":[{"href":"https:\/\/goiasemtempo.com.br\/home\/wp-json\/wp\/v2\/media?parent=4563"}],"wp:term":[{"taxonomy":"category","embeddable":true,"href":"https:\/\/goiasemtempo.com.br\/home\/wp-json\/wp\/v2\/categories?post=4563"},{"taxonomy":"post_tag","embeddable":true,"href":"https:\/\/goiasemtempo.com.br\/home\/wp-json\/wp\/v2\/tags?post=4563"}],"curies":[{"name":"wp","href":"https:\/\/api.w.org\/{rel}","templated":true}]}}