{"id":45574,"date":"2019-02-25T02:06:51","date_gmt":"2019-02-25T02:06:51","guid":{"rendered":"http:\/\/goiasemtempo.com.br\/home\/?p=45574"},"modified":"2019-02-25T02:06:51","modified_gmt":"2019-02-25T02:06:51","slug":"sofremos-cortes-diarios-de-energia-eletrica-diz-governador-de-rr","status":"publish","type":"post","link":"https:\/\/goiasemtempo.com.br\/home\/sofremos-cortes-diarios-de-energia-eletrica-diz-governador-de-rr\/","title":{"rendered":"&#8220;Sofremos cortes di\u00e1rios de energia el\u00e9trica&#8221;, diz governador de RR"},"content":{"rendered":"<p>O governador de Roraima, Ant\u00f4nio Denarium, afirmou\u00a0hoje\u00a0(24), em coletiva de imprensa, que foi determinada a urg\u00eancia na constru\u00e7\u00e3o do linh\u00e3o de Tucuru\u00ed, que vai permitir interligar o estado ao sistema el\u00e9trico nacional. Atualmente, o estado depende do fornecimento de energia por parte da Venezuela e o agravamento da crise pol\u00edtica no pa\u00eds vizinho tem prejudicado a oferta do servi\u00e7o.<\/p>\n<p>&#8220;Com esse agravamento da crise pol\u00edtica na Venezuela, n\u00f3s j\u00e1 estamos tendo alguns cortes durante o dia, do fornecimento [de energia]&#8221;, afirmou. Segundo ele, em uma reuni\u00e3o por videoconfer\u00eancia com o presidente Jair Bolsonaro, na \u00faltima\u00a0sexta-feira, ficou acertado a prioridade dos investimentos no setor, para que o estado deixe de depender da compra de energia da Venezuela.<\/p>\n<p>&#8220;J\u00e1 teve um alinhamento, por parte do governo do estado de Roraima, com o presidente Bolsonaro, sobre a constru\u00e7\u00e3o do linh\u00e3o de Turcuru\u00ed. Fizemos uma reuni\u00e3o e ficou\u00a0determinada a urg\u00eancia&#8221;, informou.<\/p>\n<p>Roraima \u00e9 o \u00fanico estado que n\u00e3o est\u00e1 interligado ao sistema el\u00e9trico nacional. Desde julho de 2001, grande parte do estado, incluindo a capital, Boa Vista, \u00e9 suprida por energia el\u00e9trica proveniente da Venezuela, por meio de um sistema de transmiss\u00e3o situado parte em territ\u00f3rio venezuelano, parte em territ\u00f3rio brasileiro.<\/p>\n<p>O contrato da Eletronorte com a Corpoelec, empresa encarregada do setor el\u00e9trico na Venezuela, prev\u00ea o fornecimento de at\u00e9 200 megawatts (MW) para a empresa de distribui\u00e7\u00e3o de energia local, Eletrobras Distribui\u00e7\u00e3o Roraima. O prazo final do contrato \u00e9 2021 e, at\u00e9 o momento, a empresa n\u00e3o manifestou interesse em renov\u00e1-lo. Desde 2010, a Corpoelec passou a reduzir o montante de energia exportada, trazendo dificuldades ao atendimento do mercado do estado de Roraima.<\/p>\n<div class=\"saibaMais\"><\/div>\n<div class=\"edicao\"><\/div>\n","protected":false},"excerpt":{"rendered":"<p>O governador de Roraima, Ant\u00f4nio Denarium, afirmou\u00a0hoje\u00a0(24), em coletiva de imprensa, que foi determinada a urg\u00eancia na constru\u00e7\u00e3o do linh\u00e3o de Tucuru\u00ed, que vai permitir interligar o estado ao sistema el\u00e9trico nacional. Atualmente, o estado depende do fornecimento de energia por parte da Venezuela e o agravamento da crise pol\u00edtica no pa\u00eds vizinho tem prejudicado &hellip;<\/p>\n","protected":false},"author":3,"featured_media":45575,"comment_status":"open","ping_status":"open","sticky":false,"template":"","format":"standard","meta":{"footnotes":""},"categories":[4],"tags":[],"class_list":["post-45574","post","type-post","status-publish","format-standard","has-post-thumbnail","hentry","category-ultimas-noticias"],"_links":{"self":[{"href":"https:\/\/goiasemtempo.com.br\/home\/wp-json\/wp\/v2\/posts\/45574","targetHints":{"allow":["GET"]}}],"collection":[{"href":"https:\/\/goiasemtempo.com.br\/home\/wp-json\/wp\/v2\/posts"}],"about":[{"href":"https:\/\/goiasemtempo.com.br\/home\/wp-json\/wp\/v2\/types\/post"}],"author":[{"embeddable":true,"href":"https:\/\/goiasemtempo.com.br\/home\/wp-json\/wp\/v2\/users\/3"}],"replies":[{"embeddable":true,"href":"https:\/\/goiasemtempo.com.br\/home\/wp-json\/wp\/v2\/comments?post=45574"}],"version-history":[{"count":1,"href":"https:\/\/goiasemtempo.com.br\/home\/wp-json\/wp\/v2\/posts\/45574\/revisions"}],"predecessor-version":[{"id":45576,"href":"https:\/\/goiasemtempo.com.br\/home\/wp-json\/wp\/v2\/posts\/45574\/revisions\/45576"}],"wp:featuredmedia":[{"embeddable":true,"href":"https:\/\/goiasemtempo.com.br\/home\/wp-json\/wp\/v2\/media\/45575"}],"wp:attachment":[{"href":"https:\/\/goiasemtempo.com.br\/home\/wp-json\/wp\/v2\/media?parent=45574"}],"wp:term":[{"taxonomy":"category","embeddable":true,"href":"https:\/\/goiasemtempo.com.br\/home\/wp-json\/wp\/v2\/categories?post=45574"},{"taxonomy":"post_tag","embeddable":true,"href":"https:\/\/goiasemtempo.com.br\/home\/wp-json\/wp\/v2\/tags?post=45574"}],"curies":[{"name":"wp","href":"https:\/\/api.w.org\/{rel}","templated":true}]}}