{"id":45559,"date":"2019-02-24T17:27:15","date_gmt":"2019-02-24T17:27:15","guid":{"rendered":"http:\/\/goiasemtempo.com.br\/home\/?p=45559"},"modified":"2019-02-24T17:27:15","modified_gmt":"2019-02-24T17:27:15","slug":"oscar-pode-ter-queda-de-audiencia-por-conta-de-filmes-com-cores-politicas","status":"publish","type":"post","link":"https:\/\/goiasemtempo.com.br\/home\/oscar-pode-ter-queda-de-audiencia-por-conta-de-filmes-com-cores-politicas\/","title":{"rendered":"Oscar pode ter queda de audi\u00eancia por conta de filmes com  &#8220;cores pol\u00edticas&#8221;"},"content":{"rendered":"<p><span class=\"convert-emoji text\">Pesquisa feita entre usu\u00e1rios do Twitter nos Estados Unidos apontou que muitos n\u00e3o est\u00e3o dispostos a assistir \u00e0 cerim\u00f4nia do Oscar, na noite deste domingo, 24, por conta de seu &#8220;car\u00e1ter pol\u00edtico&#8221;. Outra consulta com poss\u00edveis espectadores americanos descobriu que 39% deles podem desligar a TV pelo mesmo motivo.<\/p>\n<p>&#8220;Pol\u00edtico&#8221;, no entendimento dessas pessoas, significa discursos de aceita\u00e7\u00e3o partid\u00e1ria. Seguindo esse racioc\u00ednio, \u00e9 de se esperar, portanto, uma nova queda na audi\u00eancia da transmiss\u00e3o uma vez que, entre os oito indicados para o Oscar de melhor filme, seis apresentam enredos com fortes cores pol\u00edticas &#8211; as exce\u00e7\u00f5es seriam Nasce uma Estrela e Bohemian Rapsody.<\/p>\n<p>Daquela meia d\u00fazia, um \u00e9 escancaradamente pol\u00edtico: Vice, que apresenta de forma at\u00e9 c\u00f4mica a trajet\u00f3ria do ex-vice-presidente dos EUA Dick Chaney. J\u00e1 Infiltrado na Klan apresenta uma trama que p\u00f5e em confronto o racismo do grupo Ku Klux Klan com o poderoso movimento do poder negro na d\u00e9cada de 1970. E Pantera Negra recria a cl\u00e1ssica s\u00e9rie de HQ sobre dois primos que lutam pelo trono de uma superpot\u00eancia africana fict\u00edcia.<\/p>\n<p>Por falar em realeza, A Favorita concentra sua trama na disputa entre duas mulheres pela influ\u00eancia pol\u00edtica que cerca a rainha Anne. E, mesmo que n\u00e3o seja t\u00e3o evidente quanto os quatro anteriores, Green Book &#8211; O Guia percorre tamb\u00e9m por caminhos do racismo ao mostrar um pianista negro tentando se impor pelos direitos civis, na d\u00e9cada de 1960.<\/p>\n<p>E, finalmente, Roma toma um rumo sombrio quando um protesto estudantil da Cidade do M\u00e9xico se torna violento. Ao observar um n\u00famero t\u00e3o expressivo, o cr\u00edtico Ben Zauzmer, do New York Times, analisou todos os 554 filmes j\u00e1 indicados para o principal Oscar em toda a hist\u00f3ria do pr\u00eamio e concluiu que, com esses seis indicados, a cerim\u00f4nia de 2019 empata com a de 1944, que tamb\u00e9m apresentava meia d\u00fazia de produ\u00e7\u00f5es com forte teor pol\u00edtico.<\/p>\n<p>Ambas s\u00f3 perdem para a festa de 1943, que tinha sete longas com tal caracter\u00edstica. O mundo naquela \u00e9poca, no entanto, sofria com a 2\u00aa Guerra, o que justificaria as vit\u00f3rias de Rosa da Esperan\u00e7a (1943), um filme com forte mensagem patriota e de engajamento, e de Casablanca (1944), cl\u00e1ssico conto de intrigas pol\u00edticas da guerra, estrelado por um expatriado americano que reluta em ser her\u00f3i.<\/p>\n<p>Retornando aos dias atuais, a Academia de Hollywood tem a chance, segundo a maioria dos cr\u00edticos, de revelar um avan\u00e7o em seus ideias considerados conservadores se premiar Pantera Negra ou Roma &#8211; com esse \u00faltimo, ali\u00e1s, quebraria duas barreiras: eleger um filme em l\u00edngua estrangeira e produzido por uma companhia sem tradi\u00e7\u00e3o cinematogr\u00e1fica, a Netflix. Seja quem for, um discurso pol\u00edtico parece iminente.<\/p>\n<p>J\u00e1 pensando nisso, Peter Mehlman, roteirista e produtor da s\u00e9rie Seinfeld, escreveu um divertido artigo para o NYT em que prega a emenda do N\u00e3o Agradecimento, em que os vencedores evitariam citar os &#8220;cerca de 50 parentes e conhecidos&#8221; e que tornaria o tom pol\u00edtico do discurso em algo &#8220;altamente opressivo, possivelmente polarizador e certamente incoerente&#8221;. Com isso, talvez a audi\u00eancia possa subir.\u00a0<b>(Ag\u00eancia Estado)<\/b><\/span><\/p>\n","protected":false},"excerpt":{"rendered":"<p>Pesquisa feita entre usu\u00e1rios do Twitter nos Estados Unidos apontou que muitos n\u00e3o est\u00e3o dispostos a assistir \u00e0 cerim\u00f4nia do Oscar, na noite deste domingo, 24, por conta de seu &#8220;car\u00e1ter pol\u00edtico&#8221;. Outra consulta com poss\u00edveis espectadores americanos descobriu que 39% deles podem desligar a TV pelo mesmo motivo. &#8220;Pol\u00edtico&#8221;, no entendimento dessas pessoas, significa &hellip;<\/p>\n","protected":false},"author":3,"featured_media":45560,"comment_status":"open","ping_status":"open","sticky":false,"template":"","format":"standard","meta":{"_exactmetrics_skip_tracking":false,"_exactmetrics_sitenote_active":false,"_exactmetrics_sitenote_note":"","_exactmetrics_sitenote_category":0,"footnotes":""},"categories":[32],"tags":[],"_links":{"self":[{"href":"https:\/\/goiasemtempo.com.br\/home\/wp-json\/wp\/v2\/posts\/45559"}],"collection":[{"href":"https:\/\/goiasemtempo.com.br\/home\/wp-json\/wp\/v2\/posts"}],"about":[{"href":"https:\/\/goiasemtempo.com.br\/home\/wp-json\/wp\/v2\/types\/post"}],"author":[{"embeddable":true,"href":"https:\/\/goiasemtempo.com.br\/home\/wp-json\/wp\/v2\/users\/3"}],"replies":[{"embeddable":true,"href":"https:\/\/goiasemtempo.com.br\/home\/wp-json\/wp\/v2\/comments?post=45559"}],"version-history":[{"count":1,"href":"https:\/\/goiasemtempo.com.br\/home\/wp-json\/wp\/v2\/posts\/45559\/revisions"}],"predecessor-version":[{"id":45561,"href":"https:\/\/goiasemtempo.com.br\/home\/wp-json\/wp\/v2\/posts\/45559\/revisions\/45561"}],"wp:featuredmedia":[{"embeddable":true,"href":"https:\/\/goiasemtempo.com.br\/home\/wp-json\/wp\/v2\/media\/45560"}],"wp:attachment":[{"href":"https:\/\/goiasemtempo.com.br\/home\/wp-json\/wp\/v2\/media?parent=45559"}],"wp:term":[{"taxonomy":"category","embeddable":true,"href":"https:\/\/goiasemtempo.com.br\/home\/wp-json\/wp\/v2\/categories?post=45559"},{"taxonomy":"post_tag","embeddable":true,"href":"https:\/\/goiasemtempo.com.br\/home\/wp-json\/wp\/v2\/tags?post=45559"}],"curies":[{"name":"wp","href":"https:\/\/api.w.org\/{rel}","templated":true}]}}