{"id":45472,"date":"2019-02-20T18:46:31","date_gmt":"2019-02-20T18:46:31","guid":{"rendered":"http:\/\/goiasemtempo.com.br\/home\/?p=45472"},"modified":"2019-02-20T18:50:39","modified_gmt":"2019-02-20T18:50:39","slug":"nova-sede-do-ministerio-publico-em-anapolis-vai-abrigar-25-promotoriasrevela-promotor","status":"publish","type":"post","link":"https:\/\/goiasemtempo.com.br\/home\/nova-sede-do-ministerio-publico-em-anapolis-vai-abrigar-25-promotoriasrevela-promotor\/","title":{"rendered":"Nova sede do MP em An\u00e1polis vai abrigar 25 promotorias,afirma promotor"},"content":{"rendered":"<p>O promotor Carlos Alexandre Marques, coordenador das promotorias de An\u00e1polis, informou que seguem normais as obras de constru\u00e7\u00e3o da nova sede do minist\u00e9rio p\u00fablico em An\u00e1polis.<\/p>\n<p>O pr\u00e9dio, com mais de 2.000 metros quadrados, est\u00e1 em constru\u00e7\u00e3o no Setor Jamil Miguel, na parte Sul da cidade. Segundo o promotor a nova sede ter\u00e1 espa\u00e7o para abrigar at\u00e9 25 promotorias, sendo que atualmente o munic\u00edpio tem 17 promotores em atua\u00e7\u00e3o.<\/p>\n<p><img decoding=\"async\" src=\"http:\/\/www.agmp.org.br\/includes\/marcafixa.php?arquivo=..\/admin\/fotos\/noticias171411.jpg&amp;altura=490&amp;largura=650\" alt=\"Carlos Alexandre Marques \u00c3\u00a9 empossado secret\u00c3\u00a1rio-geral da AGMP\" \/><\/p>\n<p>Promotor Carlos Alexandre Marques : Foto: Reprodu\u00e7\u00e3o<\/p>\n<p>Recentemente foram tomadas algumas iniciativas para o ajuste da atua\u00e7\u00e3o do Minist\u00e9rio P\u00fablico, em An\u00e1polis. Uma delas foi a indica\u00e7\u00e3o de uma promotora para a curadoria de Sa\u00fade, \u00f3rg\u00e3o do minist\u00e9rio P\u00fablico que \u00e9 indispens\u00e1vel ao acompanhamento de atividade essencial para a popula\u00e7\u00e3o \u2013 a \u00e1rea de sa\u00fade p\u00fablica.<\/p>\n<p>Edi\u00e7\u00e3o: Marcus Vinicius Isaac<\/p>\n","protected":false},"excerpt":{"rendered":"<p>O promotor Carlos Alexandre Marques, coordenador das promotorias de An\u00e1polis, informou que seguem normais as obras de constru\u00e7\u00e3o da nova sede do minist\u00e9rio p\u00fablico em An\u00e1polis. O pr\u00e9dio, com mais de 2.000 metros quadrados, est\u00e1 em constru\u00e7\u00e3o no Setor Jamil Miguel, na parte Sul da cidade. Segundo o promotor a nova sede ter\u00e1 espa\u00e7o para &hellip;<\/p>\n","protected":false},"author":3,"featured_media":45473,"comment_status":"open","ping_status":"open","sticky":false,"template":"","format":"standard","meta":{"_exactmetrics_skip_tracking":false,"_exactmetrics_sitenote_active":false,"_exactmetrics_sitenote_note":"","_exactmetrics_sitenote_category":0,"footnotes":""},"categories":[19],"tags":[],"_links":{"self":[{"href":"https:\/\/goiasemtempo.com.br\/home\/wp-json\/wp\/v2\/posts\/45472"}],"collection":[{"href":"https:\/\/goiasemtempo.com.br\/home\/wp-json\/wp\/v2\/posts"}],"about":[{"href":"https:\/\/goiasemtempo.com.br\/home\/wp-json\/wp\/v2\/types\/post"}],"author":[{"embeddable":true,"href":"https:\/\/goiasemtempo.com.br\/home\/wp-json\/wp\/v2\/users\/3"}],"replies":[{"embeddable":true,"href":"https:\/\/goiasemtempo.com.br\/home\/wp-json\/wp\/v2\/comments?post=45472"}],"version-history":[{"count":5,"href":"https:\/\/goiasemtempo.com.br\/home\/wp-json\/wp\/v2\/posts\/45472\/revisions"}],"predecessor-version":[{"id":45478,"href":"https:\/\/goiasemtempo.com.br\/home\/wp-json\/wp\/v2\/posts\/45472\/revisions\/45478"}],"wp:featuredmedia":[{"embeddable":true,"href":"https:\/\/goiasemtempo.com.br\/home\/wp-json\/wp\/v2\/media\/45473"}],"wp:attachment":[{"href":"https:\/\/goiasemtempo.com.br\/home\/wp-json\/wp\/v2\/media?parent=45472"}],"wp:term":[{"taxonomy":"category","embeddable":true,"href":"https:\/\/goiasemtempo.com.br\/home\/wp-json\/wp\/v2\/categories?post=45472"},{"taxonomy":"post_tag","embeddable":true,"href":"https:\/\/goiasemtempo.com.br\/home\/wp-json\/wp\/v2\/tags?post=45472"}],"curies":[{"name":"wp","href":"https:\/\/api.w.org\/{rel}","templated":true}]}}