{"id":45357,"date":"2019-02-17T16:56:50","date_gmt":"2019-02-17T16:56:50","guid":{"rendered":"http:\/\/goiasemtempo.com.br\/home\/?p=45357"},"modified":"2019-02-17T16:56:50","modified_gmt":"2019-02-17T16:56:50","slug":"marconi-perillo-pode-se-candidatar-para-prefeitura-de-goiania","status":"publish","type":"post","link":"https:\/\/goiasemtempo.com.br\/home\/marconi-perillo-pode-se-candidatar-para-prefeitura-de-goiania\/","title":{"rendered":"Marconi Perillo pode se candidatar para Prefeitura de Goi\u00e2nia"},"content":{"rendered":"<div class=\"entry-content\">\n<p>Advogados experimentados sugerem que dificilmente o ex-governador Marconi Perillo ser\u00e1 condenado no processo que o levou \u00e0 pris\u00e3o por pouco tempo. Sendo assim, sem condena\u00e7\u00e3o em segunda inst\u00e2ncia, estar\u00e1 livre para disputar pleitos eleitorais. Deputados acreditam que, se o governo de Ronaldo Caiado continuar com \u201cimagem negativa\u201d, o retorno do tucano \u00e0 pol\u00edtica de Goi\u00e1s pode ocorrer antes do que se esperava.<\/p>\n<p>Em Goi\u00e2nia, o prefeito Iris Rezende, do MDB, n\u00e3o vai bem. O desgaste \u00e9 t\u00e3o forte que emedebistas apostam que s\u00f3 h\u00e1 uma chance de o partido continuar no poder na capital: bancando o ex-governador Maguito Vilela para prefeito. Ele \u00e9 popular e n\u00e3o tem desgaste.<\/p>\n<p>Com o desgaste de Iris Rezende e a crise do governo de Ronaldo Caiado, que n\u00e3o consegue pagar o sal\u00e1rio de dezembro de 2018 \u2014 quase dois meses depois de ter assumido \u2014, a possibilidade de Marconi Perillo disputar a Prefeitura de Goi\u00e2nia n\u00e3o \u00e9 remota.<\/p>\n<p>Costuma-se dizer, entre os experts em pol\u00edtica, que, no fundo do po\u00e7o dos pol\u00edticos, h\u00e1 molas. Ser\u00e1 o caso? E ser\u00e1 t\u00e3o cedo?<\/p>\n<\/div>\n<div class=\"entry-share\">\u00a0Com Ag\u00eancia de Not\u00edcias\/Jornal Op\u00e7\u00e3o<\/div>\n","protected":false},"excerpt":{"rendered":"<p>Advogados experimentados sugerem que dificilmente o ex-governador Marconi Perillo ser\u00e1 condenado no processo que o levou \u00e0 pris\u00e3o por pouco tempo. Sendo assim, sem condena\u00e7\u00e3o em segunda inst\u00e2ncia, estar\u00e1 livre para disputar pleitos eleitorais. Deputados acreditam que, se o governo de Ronaldo Caiado continuar com \u201cimagem negativa\u201d, o retorno do tucano \u00e0 pol\u00edtica de Goi\u00e1s &hellip;<\/p>\n","protected":false},"author":3,"featured_media":45358,"comment_status":"open","ping_status":"open","sticky":false,"template":"","format":"standard","meta":{"_exactmetrics_skip_tracking":false,"_exactmetrics_sitenote_active":false,"_exactmetrics_sitenote_note":"","_exactmetrics_sitenote_category":0,"footnotes":""},"categories":[19],"tags":[],"_links":{"self":[{"href":"https:\/\/goiasemtempo.com.br\/home\/wp-json\/wp\/v2\/posts\/45357"}],"collection":[{"href":"https:\/\/goiasemtempo.com.br\/home\/wp-json\/wp\/v2\/posts"}],"about":[{"href":"https:\/\/goiasemtempo.com.br\/home\/wp-json\/wp\/v2\/types\/post"}],"author":[{"embeddable":true,"href":"https:\/\/goiasemtempo.com.br\/home\/wp-json\/wp\/v2\/users\/3"}],"replies":[{"embeddable":true,"href":"https:\/\/goiasemtempo.com.br\/home\/wp-json\/wp\/v2\/comments?post=45357"}],"version-history":[{"count":1,"href":"https:\/\/goiasemtempo.com.br\/home\/wp-json\/wp\/v2\/posts\/45357\/revisions"}],"predecessor-version":[{"id":45359,"href":"https:\/\/goiasemtempo.com.br\/home\/wp-json\/wp\/v2\/posts\/45357\/revisions\/45359"}],"wp:featuredmedia":[{"embeddable":true,"href":"https:\/\/goiasemtempo.com.br\/home\/wp-json\/wp\/v2\/media\/45358"}],"wp:attachment":[{"href":"https:\/\/goiasemtempo.com.br\/home\/wp-json\/wp\/v2\/media?parent=45357"}],"wp:term":[{"taxonomy":"category","embeddable":true,"href":"https:\/\/goiasemtempo.com.br\/home\/wp-json\/wp\/v2\/categories?post=45357"},{"taxonomy":"post_tag","embeddable":true,"href":"https:\/\/goiasemtempo.com.br\/home\/wp-json\/wp\/v2\/tags?post=45357"}],"curies":[{"name":"wp","href":"https:\/\/api.w.org\/{rel}","templated":true}]}}