{"id":45299,"date":"2019-02-16T22:10:41","date_gmt":"2019-02-16T22:10:41","guid":{"rendered":"http:\/\/goiasemtempo.com.br\/home\/?p=45299"},"modified":"2019-03-14T17:37:23","modified_gmt":"2019-03-14T17:37:23","slug":"dois-medicos-faturam-mais-de-r-1-milhao-anual-em-contrato-com-prefeitura-de-anapolis","status":"publish","type":"post","link":"https:\/\/goiasemtempo.com.br\/home\/dois-medicos-faturam-mais-de-r-1-milhao-anual-em-contrato-com-prefeitura-de-anapolis\/","title":{"rendered":"Munic\u00edpio de An\u00e1polis assina contrato de R$ 1 milh\u00e3o com dois m\u00e9dicos"},"content":{"rendered":"<p style=\"font-weight: inherit; font-style: inherit;\">A demanda por servi\u00e7os de sa\u00fade em An\u00e1polis tem crescido cada vez mais. Por ser cidade polo da regi\u00e3o, a demanda aumenta na medida em que pacientes de outras cidades buscam tratamento em An\u00e1polis.<\/p>\n<p style=\"font-weight: inherit; font-style: inherit;\">Somente para atender servi\u00e7os de anestesiologia a prefeitura vai gastar 4 milh\u00f5es no per\u00edodo de em 2019.<\/p>\n<p style=\"font-weight: inherit; font-style: inherit;\">Foram publicados no Di\u00e1rio Oficial desta quinta, 14\/2, os extratos do contrato com a Cooperativa dos M\u00e9dicos Anestesiologistas de Goi\u00e1s e, tamb\u00e9m, contratos individuais com m\u00e9dicos anestesiologistas. O valor total \u00e9 de R$ 4.120.084,80<\/p>\n<p style=\"font-weight: inherit; font-style: inherit;\"><b><strong>R$ 1 milh\u00e3o para dois m\u00e9dicos<\/strong><\/b><\/p>\n<p style=\"font-weight: inherit; font-style: inherit;\">Dentre os contratos individuais a prefeitura estima pagar R$ 1 milh\u00e3o para dois anestesiologistas. Dois m\u00e9dicos, que s\u00e3o tamb\u00e9m servidores do governo do Distrito Federal, v\u00e3o prestar servi\u00e7os para a Prefeitura, segundo o contrato, at\u00e9 31\/12\/2019 e o valor estimado para cada um \u00e9 de R$ 504.000,00.<\/p>\n<p>&nbsp;<\/p>\n<p><strong>EXTRATO DE CONTRATO<\/strong><\/p>\n<p>Contrato n\u00b0 066\/2019<br \/>\nProcesso n\u00ba 00 0079538\/2018 \u2013 CHAMAMENTO<br \/>\nP\u00daBLICO N\u00ba 001\/2019<br \/>\nContratante: FUNDO MUNICIPAL DE SA\u00daDE<br \/>\nCredenciada: COOPERATIVA DOS M\u00c9DICOS<br \/>\nANESTESIOLOGISTAS DE GOI\u00c1S<br \/>\nObjeto: EXECU\u00c7\u00c3O DE SERVI\u00c7OS M\u00c9DICOS NA<br \/>\nESPECIALIDADE DE ANESTESIOLOGIA.<br \/>\nValor anual: estimado em R$ 2.914.084,80 (dois milh\u00f5es,<br \/>\nnovecentos e quatorze mil e oitenta e quatro reais e oitenta<br \/>\ncentavos)<br \/>\nVig\u00eancia: 13.02.2020<br \/>\nData de Assinatura: 14.02.2019<\/p>\n<p><strong>EXTRATO DE CONTRATO<\/strong><\/p>\n<p>Contrato n\u00b0 067\/2019<br \/>\nProcesso n\u00ba 00 0079538\/2018 \u2013 CHAMAMENTO<br \/>\nP\u00daBLICO N\u00ba 001\/2019<br \/>\nContratante: FUNDO MUNICIPAL DE SA\u00daDE<br \/>\nCredenciada: NATHALIA SARAH COSTA LOULY<br \/>\nObjeto: EXECU\u00c7\u00c3O DE SERVI\u00c7OS M\u00c9DICOS NA<br \/>\nESPECIALIDADE DE ANESTESIOLOGIA.<br \/>\nValor Anual: estimado em R$ 504.000,00 (quinhentos e quatro<br \/>\nmil reais)<br \/>\nVig\u00eancia: 13.02.2020<br \/>\nData de Assinatura: 14.02.201<\/p>\n<p><strong>EXTRATO DE CONTRATO<\/strong><\/p>\n<p><em>Contrato n\u00b0 068\/2019<\/em><br \/>\n<em>Processo n\u00ba 00 0079538\/2018 \u2013 CHAMAMENTO P\u00daBLICO<\/em><br \/>\n<em>N\u00ba 001\/2019<\/em><br \/>\n<em>Contratante: MUNIC\u00cdPIO DE AN\u00c1POLIS<\/em><br \/>\n<em>Credenciada: LARISSA GON\u00c7ALVES SADO<\/em><br \/>\n<em>Objeto: EXECU\u00c7\u00c3O DE SERVI\u00c7OS M\u00c9DICOS NA<\/em><br \/>\n<em>ESPECIALIDADE DE ANESTESIOLOGIA.<\/em><br \/>\n<em>Valor Anual: estimado em R$ 198.000,00 (cento e noventa e oito mil<\/em><br \/>\n<em>reais)<\/em><br \/>\n<em>Vig\u00eancia: 13.02.2020<\/em><br \/>\n<em>Data de Assinatura: 14.02.2019<\/em><\/p>\n<p><strong><em>EXTRATO DE CONTRATO<\/em><\/strong><br \/>\n<em>Contrato n\u00b0 069\/2019<\/em><\/p>\n<p><em>Processo n\u00ba 00 0079538\/2018 \u2013 CHAMAMENTO P\u00daBLICO<\/em><br \/>\n<em>N\u00ba 001\/2019<\/em><br \/>\n<em>Contratante: FUNDO MUNICIPAL DE SA\u00daDE<\/em><br \/>\n<em>Credenciada: ALBERTO DALM\u00c1CIO VILLALBA DE FARIA<\/em><br \/>\n<em> Objeto: EXECU\u00c7\u00c3O DE SERVI\u00c7OS M\u00c9DICOS NA<\/em><br \/>\n<em>ESPECIALIDADE DE ANESTESIOLOGIA.<\/em><br \/>\n<em>Valor anual: estimado em R$ 504.000,00 (quinhentos e quatro mil reais)<\/em><br \/>\n<em>Vig\u00eancia: 13.02.2020<\/em><br \/>\n<em>Data de Assinatura: 14.02.2019<\/em><\/p>\n<p>&nbsp;<\/p>\n<p>Com Ag\u00eancia de Not\u00edcias\/An\u00e1polis24H\/Acr\u00e9scimo de informa\u00e7\u00f5es: Caf\u00e9 com Pimenta.<\/p>\n<p style=\"font-weight: 400;\">\n","protected":false},"excerpt":{"rendered":"<p>A demanda por servi\u00e7os de sa\u00fade em An\u00e1polis tem crescido cada vez mais. Por ser cidade polo da regi\u00e3o, a demanda aumenta na medida em que pacientes de outras cidades buscam tratamento em An\u00e1polis. Somente para atender servi\u00e7os de anestesiologia a prefeitura vai gastar 4 milh\u00f5es no per\u00edodo de em 2019. Foram publicados no Di\u00e1rio &hellip;<\/p>\n","protected":false},"author":3,"featured_media":45300,"comment_status":"open","ping_status":"open","sticky":false,"template":"","format":"standard","meta":{"_exactmetrics_skip_tracking":false,"_exactmetrics_sitenote_active":false,"_exactmetrics_sitenote_note":"","_exactmetrics_sitenote_category":0,"footnotes":""},"categories":[7],"tags":[],"_links":{"self":[{"href":"https:\/\/goiasemtempo.com.br\/home\/wp-json\/wp\/v2\/posts\/45299"}],"collection":[{"href":"https:\/\/goiasemtempo.com.br\/home\/wp-json\/wp\/v2\/posts"}],"about":[{"href":"https:\/\/goiasemtempo.com.br\/home\/wp-json\/wp\/v2\/types\/post"}],"author":[{"embeddable":true,"href":"https:\/\/goiasemtempo.com.br\/home\/wp-json\/wp\/v2\/users\/3"}],"replies":[{"embeddable":true,"href":"https:\/\/goiasemtempo.com.br\/home\/wp-json\/wp\/v2\/comments?post=45299"}],"version-history":[{"count":3,"href":"https:\/\/goiasemtempo.com.br\/home\/wp-json\/wp\/v2\/posts\/45299\/revisions"}],"predecessor-version":[{"id":45303,"href":"https:\/\/goiasemtempo.com.br\/home\/wp-json\/wp\/v2\/posts\/45299\/revisions\/45303"}],"wp:featuredmedia":[{"embeddable":true,"href":"https:\/\/goiasemtempo.com.br\/home\/wp-json\/wp\/v2\/media\/45300"}],"wp:attachment":[{"href":"https:\/\/goiasemtempo.com.br\/home\/wp-json\/wp\/v2\/media?parent=45299"}],"wp:term":[{"taxonomy":"category","embeddable":true,"href":"https:\/\/goiasemtempo.com.br\/home\/wp-json\/wp\/v2\/categories?post=45299"},{"taxonomy":"post_tag","embeddable":true,"href":"https:\/\/goiasemtempo.com.br\/home\/wp-json\/wp\/v2\/tags?post=45299"}],"curies":[{"name":"wp","href":"https:\/\/api.w.org\/{rel}","templated":true}]}}