{"id":45030,"date":"2019-02-12T12:26:09","date_gmt":"2019-02-12T12:26:09","guid":{"rendered":"http:\/\/goiasemtempo.com.br\/home\/?p=45030"},"modified":"2019-02-12T12:26:09","modified_gmt":"2019-02-12T12:26:09","slug":"guaido-convoca-manifestacao-em-favor-de-ajuda-humanitaria","status":"publish","type":"post","link":"https:\/\/goiasemtempo.com.br\/home\/guaido-convoca-manifestacao-em-favor-de-ajuda-humanitaria\/","title":{"rendered":"Guaid\u00f3 convoca manifesta\u00e7\u00e3o em favor de ajuda humanit\u00e1ria"},"content":{"rendered":"<p>O presidente interino da Venezuela, Juan Guaid\u00f3, convocou para hoje (12) uma manifesta\u00e7\u00e3o em favor da ajuda humanit\u00e1ria oferecida por venezuelanos e estrangeiros. Ele pediu que as pessoas saiam \u00e0s ruas e apelem por seus direitos. Em meio \u00e0 crise pol\u00edtica no pa\u00eds, h\u00e1 dificuldades para que as doa\u00e7\u00f5es cheguem aos mais necessitados.<\/p>\n<p>Guaid\u00f3 usou sua conta no Twitter para fazer a campanha \u201cVamos bem\u201d, em que apela para que todos contribuam com os mais carentes. De acordo com ele, h\u00e1 300 mil venezuelanos com risco de morte. \u201cO momento \u00e9 de uni\u00e3o e luta\u201d, disse.<\/p>\n<p>Ontem (11), Guaid\u00f3 postou nas redes sociais a primeira entrega da ajuda humanit\u00e1ria internacional. Foram 1,7 milh\u00e3o de cestas destinadas a mulheres gr\u00e1vidas e crian\u00e7as em estado de desnutri\u00e7\u00e3o. Segundo ele, s\u00e3o suplementos alimentares.<\/p>\n<p>Na quinta-feira (14) haver\u00e1 em Washington, nos Estados Unidos, a Confer\u00eancia Mundial sobre a Crise Humanit\u00e1ria na Venezuela. Especialistas, empres\u00e1rios e organiza\u00e7\u00f5es n\u00e3o governamentais humanit\u00e1rias de mais de 60 pa\u00edses articular\u00e3o esfor\u00e7os para atender \u00e0s necessidades dos venezuelanos.<\/p>\n<p>Ontem, em Bras\u00edlia, a embaixadora designada da Venezuela para o Brasil, Mar\u00eda Teresa Belandria, reuniu-se com o chanceler Ernesto Ara\u00fajo. Eles definiram a insta\u00e7\u00e3o de um centro de distribui\u00e7\u00e3o de ajuda humanit\u00e1ria em Roraima. A diplomata passar\u00e1 a semana em Bras\u00edlia para organizar as doa\u00e7\u00f5es. Segundo ela, as prioridades s\u00e3o alimentos, medicamentos, transporte e log\u00edstica.<\/p>\n","protected":false},"excerpt":{"rendered":"<p>O presidente interino da Venezuela, Juan Guaid\u00f3, convocou para hoje (12) uma manifesta\u00e7\u00e3o em favor da ajuda humanit\u00e1ria oferecida por venezuelanos e estrangeiros. Ele pediu que as pessoas saiam \u00e0s ruas e apelem por seus direitos. Em meio \u00e0 crise pol\u00edtica no pa\u00eds, h\u00e1 dificuldades para que as doa\u00e7\u00f5es cheguem aos mais necessitados. Guaid\u00f3 usou &hellip;<\/p>\n","protected":false},"author":3,"featured_media":45031,"comment_status":"open","ping_status":"open","sticky":false,"template":"","format":"standard","meta":{"footnotes":""},"categories":[3],"tags":[],"class_list":["post-45030","post","type-post","status-publish","format-standard","has-post-thumbnail","hentry","category-nacional"],"_links":{"self":[{"href":"https:\/\/goiasemtempo.com.br\/home\/wp-json\/wp\/v2\/posts\/45030","targetHints":{"allow":["GET"]}}],"collection":[{"href":"https:\/\/goiasemtempo.com.br\/home\/wp-json\/wp\/v2\/posts"}],"about":[{"href":"https:\/\/goiasemtempo.com.br\/home\/wp-json\/wp\/v2\/types\/post"}],"author":[{"embeddable":true,"href":"https:\/\/goiasemtempo.com.br\/home\/wp-json\/wp\/v2\/users\/3"}],"replies":[{"embeddable":true,"href":"https:\/\/goiasemtempo.com.br\/home\/wp-json\/wp\/v2\/comments?post=45030"}],"version-history":[{"count":1,"href":"https:\/\/goiasemtempo.com.br\/home\/wp-json\/wp\/v2\/posts\/45030\/revisions"}],"predecessor-version":[{"id":45032,"href":"https:\/\/goiasemtempo.com.br\/home\/wp-json\/wp\/v2\/posts\/45030\/revisions\/45032"}],"wp:featuredmedia":[{"embeddable":true,"href":"https:\/\/goiasemtempo.com.br\/home\/wp-json\/wp\/v2\/media\/45031"}],"wp:attachment":[{"href":"https:\/\/goiasemtempo.com.br\/home\/wp-json\/wp\/v2\/media?parent=45030"}],"wp:term":[{"taxonomy":"category","embeddable":true,"href":"https:\/\/goiasemtempo.com.br\/home\/wp-json\/wp\/v2\/categories?post=45030"},{"taxonomy":"post_tag","embeddable":true,"href":"https:\/\/goiasemtempo.com.br\/home\/wp-json\/wp\/v2\/tags?post=45030"}],"curies":[{"name":"wp","href":"https:\/\/api.w.org\/{rel}","templated":true}]}}