{"id":45013,"date":"2019-02-12T01:37:17","date_gmt":"2019-02-12T01:37:17","guid":{"rendered":"http:\/\/goiasemtempo.com.br\/home\/?p=45013"},"modified":"2019-02-12T12:00:46","modified_gmt":"2019-02-12T12:00:46","slug":"mulher-de-boechat-diz-que-marido-queria-almocar-em-casa","status":"publish","type":"post","link":"https:\/\/goiasemtempo.com.br\/home\/mulher-de-boechat-diz-que-marido-queria-almocar-em-casa\/","title":{"rendered":"Mulher de Boechat diz que marido queria almo\u00e7ar em casa"},"content":{"rendered":"<p>Mulher de Ricardo Boechat, a tamb\u00e9m jornalista da Band Veruska Boechat fez um post em seu Instagram lamentando a morte do marido. O profissional de 66 anos estava no helic\u00f3ptero que caiu no Rodoanel, na regi\u00e3o da Rodovia Anhanguera, nesta segunda (11). O acidente vitimou tamb\u00e9m o piloto da aeronave.<\/p>\n<p>Ela disse em entrevista \u00e0 Rede Globo que ele pretendia almo\u00e7ar em casa. Boechat, que deixa seis filhos, voltava de uma palestra em Campinas. Os dois eram casados desde 2005 e tinham duas filhas.<\/p>\n<p>Veruska publicou uma foto junto do marido, com os dois abra\u00e7ados. Na legenda, escreveu \u201cpior dia da minha vida\u201d, seguido de um emoji de cora\u00e7\u00e3o partido. Confira:<\/p>\n<p><iframe loading=\"lazy\" id=\"instagram-embed-0\" class=\"instagram-media instagram-media-rendered\" src=\"https:\/\/www.instagram.com\/p\/BtwEfEeg8Fh\/embed\/captioned\/?cr=1&amp;v=12&amp;wp=540&amp;rd=https%3A%2F%2Fwww.msn.com&amp;rp=%2Fpt-br%2Fnoticias%2Fbrasil%2Fmulher-de-ricardo-boechat-lamenta-morte-do-marido-no-instagram%2Far-BBTsI6H%3Fli%3DAAggXC1#%7B%22ci%22%3A0%2C%22os%22%3A3305.500000016764%7D\" width=\"300\" height=\"967\" frameborder=\"0\" scrolling=\"no\" allowfullscreen=\"allowfullscreen\" data-instgrm-payload-id=\"instagram-media-payload-0\" data-mce-fragment=\"1\"><\/iframe><\/p>\n","protected":false},"excerpt":{"rendered":"<p>Mulher de Ricardo Boechat, a tamb\u00e9m jornalista da Band Veruska Boechat fez um post em seu Instagram lamentando a morte do marido. O profissional de 66 anos estava no helic\u00f3ptero que caiu no Rodoanel, na regi\u00e3o da Rodovia Anhanguera, nesta segunda (11). O acidente vitimou tamb\u00e9m o piloto da aeronave. Ela disse em entrevista \u00e0 &hellip;<\/p>\n","protected":false},"author":3,"featured_media":45014,"comment_status":"open","ping_status":"open","sticky":false,"template":"","format":"standard","meta":{"footnotes":""},"categories":[4],"tags":[],"class_list":["post-45013","post","type-post","status-publish","format-standard","has-post-thumbnail","hentry","category-ultimas-noticias"],"_links":{"self":[{"href":"https:\/\/goiasemtempo.com.br\/home\/wp-json\/wp\/v2\/posts\/45013","targetHints":{"allow":["GET"]}}],"collection":[{"href":"https:\/\/goiasemtempo.com.br\/home\/wp-json\/wp\/v2\/posts"}],"about":[{"href":"https:\/\/goiasemtempo.com.br\/home\/wp-json\/wp\/v2\/types\/post"}],"author":[{"embeddable":true,"href":"https:\/\/goiasemtempo.com.br\/home\/wp-json\/wp\/v2\/users\/3"}],"replies":[{"embeddable":true,"href":"https:\/\/goiasemtempo.com.br\/home\/wp-json\/wp\/v2\/comments?post=45013"}],"version-history":[{"count":1,"href":"https:\/\/goiasemtempo.com.br\/home\/wp-json\/wp\/v2\/posts\/45013\/revisions"}],"predecessor-version":[{"id":45015,"href":"https:\/\/goiasemtempo.com.br\/home\/wp-json\/wp\/v2\/posts\/45013\/revisions\/45015"}],"wp:featuredmedia":[{"embeddable":true,"href":"https:\/\/goiasemtempo.com.br\/home\/wp-json\/wp\/v2\/media\/45014"}],"wp:attachment":[{"href":"https:\/\/goiasemtempo.com.br\/home\/wp-json\/wp\/v2\/media?parent=45013"}],"wp:term":[{"taxonomy":"category","embeddable":true,"href":"https:\/\/goiasemtempo.com.br\/home\/wp-json\/wp\/v2\/categories?post=45013"},{"taxonomy":"post_tag","embeddable":true,"href":"https:\/\/goiasemtempo.com.br\/home\/wp-json\/wp\/v2\/tags?post=45013"}],"curies":[{"name":"wp","href":"https:\/\/api.w.org\/{rel}","templated":true}]}}