{"id":44932,"date":"2019-02-09T19:31:28","date_gmt":"2019-02-09T19:31:28","guid":{"rendered":"http:\/\/goiasemtempo.com.br\/home\/?p=44932"},"modified":"2019-02-09T19:31:28","modified_gmt":"2019-02-09T19:31:28","slug":"bolsonaro-divulga-foto-almocando-e-agradece-oracoes","status":"publish","type":"post","link":"https:\/\/goiasemtempo.com.br\/home\/bolsonaro-divulga-foto-almocando-e-agradece-oracoes\/","title":{"rendered":"Bolsonaro divulga foto almo\u00e7ando e agradece ora\u00e7\u00f5es"},"content":{"rendered":"<p>O presidente Jair Bolsonaro divulgou hoje (9) pelas redes sociais uma foto em que aparece almo\u00e7ando no\u00a0Hospital Albert Einstein, na capital paulista, onde ele est\u00e1 internado. Na imagem, ele est\u00e1 tomando\u00a0um caldo, acompanhado de um suco de caixinha e um picol\u00e9.<\/p>\n<p>Na legenda da imagem, Bolsonaro agradeceu as\u00a0ora\u00e7\u00f5es por sua recupera\u00e7\u00e3o e o esfor\u00e7o dos m\u00e9dicos que cuidam de sua sa\u00fade. \u201cQuero agradecer de verdade as ora\u00e7\u00f5es da grande maioria da popula\u00e7\u00e3o brasileira. Se n\u00e3o fosse por isso e pela compet\u00eancia dos envolvidos nas minhas 3 cirurgias nos \u00faltimos 5 meses n\u00e3o estar\u00edamos vivos\u201d, escreveu.<\/p>\n<div class=\"SandboxRoot env-bp-350\" data-twitter-event-id=\"0\">\n<div id=\"twitter-widget-0\" class=\"EmbeddedTweet EmbeddedTweet--cta EmbeddedTweet--mediaForward media-forward js-clickToOpenTarget js-tweetIdInfo tweet-InformationCircle-widgetParent\" lang=\"pt\" data-click-to-open-target=\"https:\/\/twitter.com\/jairbolsonaro\/status\/1094259486741749760\" data-iframe-title=\"Tweet do Twitter\" data-scribe=\"page:tweet\" data-tweet-id=\"1094259486741749760\" data-twitter-event-id=\"1\">\n<article class=\"MediaCard\n           MediaCard--mediaForward\n\n           customisable-border\" dir=\"ltr\" data-scribe=\"component:card\"><\/p>\n<div class=\"MediaCard-media\" data-scribe=\"element:photo\"><\/div>\n<div data-scribe=\"element:photo\"><\/div>\n<\/article>\n<\/div>\n<div class=\"resize-sensor\">\n<div class=\"resize-sensor-expand\">\n<div><\/div>\n<\/div>\n<div class=\"resize-sensor-shrink\">\n<div><\/div>\n<\/div>\n<\/div>\n<\/div>\n<p>O presidente tamb\u00e9m fez men\u00e7\u00e3o a \u201cmaldades\u201d dos advers\u00e1rios. \u201cTodos sabemos que desde a tentativa de assassinato do ex-integrante do PSOL, as maldades continuam e infelizmente s\u00e3o propositalmente ignoradas pela maior parte dos meios de comunica\u00e7\u00e3o. N\u00e3o daremos bola para isso!\u201d<\/p>\n<p>Mais cedo, Bolsonaro usou o Twitter para\u00a0<a href=\"http:\/\/agenciabrasil.ebc.com.br\/politica\/noticia\/2019-02\/bolsonaro-anuncia-general-jesus-correa-como-presidente-do-incra\" target=\"_blank\" rel=\"noopener\">anunciar o novo presidente<\/a>do Instituto de Coloniza\u00e7\u00e3o e Reforma Agr\u00e1ria (Incra). O \u00f3rg\u00e3o ser\u00e1 comandado pelo general Jesus Corr\u00eaa, que j\u00e1 foi comandante da 11\u00aa Regi\u00e3o Militar e de diretor de Controle de Efetivos e Movimenta\u00e7\u00f5es do Ex\u00e9rcito.<\/p>\n<p>Bolsonaro permanece internado na Unidade Semi-Intensiva do Albert Einstein. Segundo a assessoria da Presid\u00eancia, ele acordou sentindo-se bem, tomou um ch\u00e1 e comeu gelatina como primeira refei\u00e7\u00e3o do dia. Tamb\u00e9m realizou uma caminhada e exerc\u00edcios de fisioterapia pela manh\u00e3.<\/p>\n<p>Ontem\u00a0(8), foi feita a retirada do dreno e da sonda nasog\u00e1trica. O dreno havia sido colocado no seu abd\u00f4men h\u00e1 quatro dias para retirada de l\u00edquido acumulado pr\u00f3ximo ao local onde estava ligada a bolsa de colostomia. A melhora do quadro intestinal e a boa aceita\u00e7\u00e3o da dieta l\u00edquida possibilitaram a retirada da sonda nasog\u00e1strica.<\/p>\n<p>O presidente n\u00e3o tem compromissos agendados para o fim de semana. Um novo boletim m\u00e9dico sobre o seu estado de sa\u00fade deve ser divulgado no fim da tarde de\u00a0hoje.<\/p>\n","protected":false},"excerpt":{"rendered":"<p>O presidente Jair Bolsonaro divulgou hoje (9) pelas redes sociais uma foto em que aparece almo\u00e7ando no\u00a0Hospital Albert Einstein, na capital paulista, onde ele est\u00e1 internado. Na imagem, ele est\u00e1 tomando\u00a0um caldo, acompanhado de um suco de caixinha e um picol\u00e9. Na legenda da imagem, Bolsonaro agradeceu as\u00a0ora\u00e7\u00f5es por sua recupera\u00e7\u00e3o e o esfor\u00e7o dos &hellip;<\/p>\n","protected":false},"author":3,"featured_media":44933,"comment_status":"open","ping_status":"open","sticky":false,"template":"","format":"standard","meta":{"_exactmetrics_skip_tracking":false,"_exactmetrics_sitenote_active":false,"_exactmetrics_sitenote_note":"","_exactmetrics_sitenote_category":0,"footnotes":""},"categories":[2],"tags":[],"_links":{"self":[{"href":"https:\/\/goiasemtempo.com.br\/home\/wp-json\/wp\/v2\/posts\/44932"}],"collection":[{"href":"https:\/\/goiasemtempo.com.br\/home\/wp-json\/wp\/v2\/posts"}],"about":[{"href":"https:\/\/goiasemtempo.com.br\/home\/wp-json\/wp\/v2\/types\/post"}],"author":[{"embeddable":true,"href":"https:\/\/goiasemtempo.com.br\/home\/wp-json\/wp\/v2\/users\/3"}],"replies":[{"embeddable":true,"href":"https:\/\/goiasemtempo.com.br\/home\/wp-json\/wp\/v2\/comments?post=44932"}],"version-history":[{"count":1,"href":"https:\/\/goiasemtempo.com.br\/home\/wp-json\/wp\/v2\/posts\/44932\/revisions"}],"predecessor-version":[{"id":44934,"href":"https:\/\/goiasemtempo.com.br\/home\/wp-json\/wp\/v2\/posts\/44932\/revisions\/44934"}],"wp:featuredmedia":[{"embeddable":true,"href":"https:\/\/goiasemtempo.com.br\/home\/wp-json\/wp\/v2\/media\/44933"}],"wp:attachment":[{"href":"https:\/\/goiasemtempo.com.br\/home\/wp-json\/wp\/v2\/media?parent=44932"}],"wp:term":[{"taxonomy":"category","embeddable":true,"href":"https:\/\/goiasemtempo.com.br\/home\/wp-json\/wp\/v2\/categories?post=44932"},{"taxonomy":"post_tag","embeddable":true,"href":"https:\/\/goiasemtempo.com.br\/home\/wp-json\/wp\/v2\/tags?post=44932"}],"curies":[{"name":"wp","href":"https:\/\/api.w.org\/{rel}","templated":true}]}}