{"id":44874,"date":"2019-02-07T21:54:09","date_gmt":"2019-02-07T21:54:09","guid":{"rendered":"http:\/\/goiasemtempo.com.br\/home\/?p=44874"},"modified":"2019-02-07T21:54:09","modified_gmt":"2019-02-07T21:54:09","slug":"df-proibe-uso-de-canudo-e-copo-de-plastico-sindicato-contesta-medida","status":"publish","type":"post","link":"https:\/\/goiasemtempo.com.br\/home\/df-proibe-uso-de-canudo-e-copo-de-plastico-sindicato-contesta-medida\/","title":{"rendered":"DF pro\u00edbe uso de canudo e copo de pl\u00e1stico; sindicato contesta medida"},"content":{"rendered":"<p>A lei que pro\u00edbe o uso de canudos e copos de pl\u00e1stico em estabelecimentos comerciais em todo o Distrito Federal entrou em vigor nesta quinta-feira (7), e j\u00e1 foi contestada pelo Sindicato dos Hot\u00e9is, Bares e Restaurantes (Sindhobar).<\/p>\n<p>A partir de agora, restaurantes e bares dever\u00e3o servir bebidas aos clientes usando somente canudos e copos fabricados com subst\u00e2ncias biodegrad\u00e1veis ou feitos de materiais como vidro ou inox, sob pena de pagar uma multa que varia entre R$ 1 mil e R$ 5 mil, conforme crit\u00e9rios a serem definidos em regulamenta\u00e7\u00e3o pr\u00f3pria. Em caso de reincid\u00eancia, os estabelecimentos poder\u00e3o ser punidos com o pagamento do dobro do valor da multa e a suspens\u00e3o de suas atividades.<\/p>\n<div class=\"dnd-widget-wrapper context-grande_6colunas type-image atom-align-left\">\n<div class=\"dnd-atom-rendered\">\n<figure class=\"mejs-fotoh-wrapper\"><img decoding=\"async\" class=\"img-responsive full full\" title=\"T\u00e2nia R\u00eago\/Ag\u00eancia Brasil\" src=\"http:\/\/imagens.ebc.com.br\/vdxrvQtxpvs9T-64tUWrI2FLnto=\/463x0\/smart\/http:\/\/agenciabrasil.ebc.com.br\/sites\/default\/files\/thumbnails\/image\/tnrgo_abr0606183438.jpg?itok=6rDUEGpG\" alt=\"Com banners e informa\u00e7\u00f5es que buscam reduzir a produ\u00e7\u00e3o e o consumo de descart\u00e1veis, o AquaRio abre exposi\u00e7\u00e3o \u201cD\u00e1 para ser diferente\u201d, sobre a polui\u00e7\u00e3o pl\u00e1stica. \" \/><\/figure>\n<\/div>\n<div class=\"dnd-caption-wrapper\">\n<div class=\"meta\">Exposi\u00e7\u00e3o alerta sobre a polui\u00e7\u00e3o pl\u00e1stica &#8211; T\u00e2nia R\u00eago\/Ag\u00eancia Brasil<\/div>\n<\/div>\n<\/div>\n<p>Ouvido pela\u00a0<strong>Ag\u00eancia Brasil<\/strong>, o presidente do Sindicato dos Hot\u00e9is, Bares e Restaurantes (Sindhobar), Jael Silva, disse ser favor\u00e1vel \u00e0 iniciativas que visem \u00e0 mitiga\u00e7\u00e3o de impactos negativos ao meio ambiente, mas que o segmento n\u00e3o foi consultado pelos parlamentares C\u00e2mara Legislativa do Distrito Federal antes da aprova\u00e7\u00e3o da lei. Ele informou que pretende, como representante dos estabelecimentos, se reunir com o governador do Distrito Federal, Ibaneis Rocha, para pedir que reconsidere a decis\u00e3o, e que pretende, inclusive, acionar a Justi\u00e7a para tentar derrubar a nova regra, ainda esta semana.<\/p>\n<p>&#8220;Somos a favor desse projeto? Somos. N\u00f3s buscamos, o tempo inteiro, o trato da sustentabilidade. J\u00e1 fazemos isso [de implementar medidas sustent\u00e1veis] com alguns restaurantes. Muitos j\u00e1 tomaram algumas provid\u00eancias. Mas, se pegar o conjunto todo, somos mais de 10 mil bares e restaurantes. Tem as quest\u00f5es de delivery, de embalagens n\u00e3o biodegrad\u00e1veis de grandes redes. N\u00e3o pode, mais uma vez, o Estado interferir diretamente na gest\u00e3o privada&#8221;, disse.<\/p>\n<p>Um dos pontos que o incomodou o dirigente do sindicato \u00e9 o fato de a lei j\u00e1 passar a valer imediatamente, sem dar tempo para que os estabelecimentos se adequem e sem que se tenha especificado como o poder p\u00fablico ir\u00e1 conferir se est\u00e3o cumprido com o que foi estabelecido. &#8220;Como uma lei pode entrar em vigor sem ter um regulamenta\u00e7\u00e3o? Ela tem que ter um prazo para o empres\u00e1rio se adaptar e procedimentos e regras muito claras&#8221;, defendeu.<\/p>\n<p>Jael Silva tamb\u00e9m avalia que a nova medida trar\u00e1 preju\u00edzos para os empres\u00e1rios, em longo prazo, porque, diante da restri\u00e7\u00e3o de material dos canudos e copos, ter\u00e3o que recorrer a determinados fornecedores de itens biodegrad\u00e1veis, que, hoje, segundo ele, existem em pequeno n\u00famero. &#8220;H\u00e1 pouqu\u00edssimos fornecedores. E, a partir do momento em que todo mundo come\u00e7a a fazer, aumenta a demanda e aumenta o pre\u00e7o. A regra gera inseguran\u00e7a jur\u00eddica para o empres\u00e1rio, porque multa de R$ 5 mil n\u00e3o \u00e9 brincadeira, dependendo do tamanho do estabelecimento. N\u00e3o se tem a quem recorrer e fica o preju\u00edzo&#8221;, avaliou.<\/p>\n<p>A deputada distrital J\u00falia Lucy (Novo) manifestou opini\u00e3o parecida, em reuni\u00e3o da Comiss\u00e3o de Desenvolvimento Econ\u00f4mico Sustent\u00e1vel, Ci\u00eancia, Tecnologia, Meio Ambiente e Turismo, realizada nesta quinta-feira (7), na C\u00e2mara Legislativa. Conforme divulgou a assessoria de imprensa da Casa, ela ponderou que a medida pode inviabilizar uma s\u00e9rie de neg\u00f3cios, de restaurantes a barraquinhas de cachorro-quente.<\/p>\n<p>O presidente da comiss\u00e3o, deputado Eduardo Pedrosa (PTC), comunicou que levar\u00e1 a quest\u00e3o ao Col\u00e9gio de L\u00edderes, o mais r\u00e1pido poss\u00edvel, unindo-se ao grupo favor\u00e1vel \u00e0 revoga\u00e7\u00e3o da exig\u00eancia.<\/p>\n<h2>Fornecimento<\/h2>\n<p>O gerente da padaria P\u00e3es e Vinhos, M\u00e1rio Rodrigues, disse que a administra\u00e7\u00e3o, ao procurar, hoje, fornecedores de canudos e copos fabricados conforme os novos padr\u00f5es exigidos pela nova lei, n\u00e3o teve sucesso. &#8220;Pedi para o setor de compras verificar, e a respons\u00e1vel [pelo setor], de manh\u00e3, disse que n\u00e3o tinha achado. Ficamos sabendo [da lei] pela m\u00eddia essa semana. Para mim, s\u00f3 estava valendo no Rio de Janeiro e fiquei sabendo tem dois dias. A gente come\u00e7ou a se adaptar de ontem (6) para c\u00e1, j\u00e1 pedi para tirarem das mesas&#8221;, disse. &#8220;Copo [de pl\u00e1stico], a gente j\u00e1 n\u00e3o usa. Agora, canudo, realmente usava&#8221;.<\/p>\n<p>Rodrigues disse que os clientes da padaria chegam a consumir cerca de 4 mil canudos por m\u00eas. Ele disse que mudan\u00e7as de h\u00e1bito podem contribuir para se reduzir a polui\u00e7\u00e3o por pl\u00e1sticos, mas julga que apenas abandonar canudos e copos de pl\u00e1stico n\u00e3o trar\u00e1 resultado. &#8220;Acho que adianta, mas tem coisas piores, que \u00e9 a sacola, a garrafa pet&#8221;.<\/p>\n<h2>Polui\u00e7\u00e3o por pl\u00e1sticos<\/h2>\n<p>Ao longo de 2018, a Organiza\u00e7\u00e3o das Na\u00e7\u00f5es Unidas (ONU) reiterou, em diversos momentos, a import\u00e2ncia de se diminuir a produ\u00e7\u00e3o e a utiliza\u00e7\u00e3o de objetos de pl\u00e1stico em todo o mundo. De acordo com a entidade, estima-se que a popula\u00e7\u00e3o mundial fa\u00e7a uso de 500 bilh\u00f5es a 1 trilh\u00e3o de sacolas pl\u00e1sticas a cada ano e compre 1 milh\u00e3o de garrafas pl\u00e1sticas por minuto.<\/p>\n<div class=\"dnd-widget-wrapper context-medio_4colunas type-image atom-align-right\">\n<div class=\"dnd-atom-rendered\">\n<figure class=\"mejs-fotoh-wrapper\"><img decoding=\"async\" class=\"img-responsive full full\" title=\"T\u00e2nia R\u00eago\/Ag\u00eancia Brasil\" src=\"http:\/\/imagens.ebc.com.br\/A74xtKfkLuHCrOp_c9kDG0zZAEs=\/365x0\/smart\/http:\/\/agenciabrasil.ebc.com.br\/sites\/default\/files\/thumbnails\/image\/tnrgo_abr0606183438.jpg?itok=n2-buihf\" alt=\"Com banners e informa\u00e7\u00f5es que buscam reduzir a produ\u00e7\u00e3o e o consumo de descart\u00e1veis, o AquaRio abre exposi\u00e7\u00e3o \u201cD\u00e1 para ser diferente\u201d, sobre a polui\u00e7\u00e3o pl\u00e1stica. \" \/><\/figure>\n<\/div>\n<div class=\"dnd-caption-wrapper\">\n<div class=\"meta\">Exposi\u00e7\u00e3o alerta sobre a polui\u00e7\u00e3o por pl\u00e1sticos &#8211; T\u00e2nia R\u00eago\/Ag\u00eancia Brasil<\/div>\n<\/div>\n<\/div>\n<p><a href=\"https:\/\/nacoesunidas.org\/meioambiente\/\" target=\"_blank\" rel=\"noopener\">Dados da ONU<\/a>\u00a0mostram que metade dos pl\u00e1sticos consumidos \u00e9 usado apenas uma \u00fanica vez, sem que se cogite seu re\u00faso, o que contribui para que 13 milh\u00f5es de toneladas de pl\u00e1stico invadam os oceanos, anualmente. Continuando nesse ritmo, alerta a ONU, haver\u00e1, at\u00e9 2050, mais pl\u00e1stico nos oceanos do que peixes.<\/p>\n<p>Entre as recomenda\u00e7\u00f5es relacionadas a uma rotina mais sustent\u00e1vel, a ONU indica a substitui\u00e7\u00e3o de garrafas pl\u00e1sticas por garrafas reutiliz\u00e1veis; a troca de sacolas pl\u00e1sticas por ecobags; o uso de canudos met\u00e1licos ou de material biodegrad\u00e1vel; usar recipientes para embalagem de alimentos como o isopor; e trocar a escova de dentes de pl\u00e1stico por uma de bambu.<\/p>\n<p>A proibi\u00e7\u00e3o do uso de canudos e copos pl\u00e1sticos\u00a0<a href=\"http:\/\/agenciabrasil.ebc.com.br\/geral\/noticia\/2018-08\/vigilancia-sanitaria-distribui-canudos-biodegradaveis-no-rio\" target=\"_blank\" rel=\"noopener\">foi adotada, pela primeira vez no pa\u00eds, no Rio de Janeiro<\/a>.<\/p>\n<div class=\"edicao\">Edi\u00e7\u00e3o:\u00a0<span class=\"txtGeral\">Fernando Fraga<\/span><\/div>\n","protected":false},"excerpt":{"rendered":"<p>A lei que pro\u00edbe o uso de canudos e copos de pl\u00e1stico em estabelecimentos comerciais em todo o Distrito Federal entrou em vigor nesta quinta-feira (7), e j\u00e1 foi contestada pelo Sindicato dos Hot\u00e9is, Bares e Restaurantes (Sindhobar). A partir de agora, restaurantes e bares dever\u00e3o servir bebidas aos clientes usando somente canudos e copos &hellip;<\/p>\n","protected":false},"author":3,"featured_media":44875,"comment_status":"open","ping_status":"open","sticky":false,"template":"","format":"standard","meta":{"footnotes":""},"categories":[4],"tags":[],"class_list":["post-44874","post","type-post","status-publish","format-standard","has-post-thumbnail","hentry","category-ultimas-noticias"],"_links":{"self":[{"href":"https:\/\/goiasemtempo.com.br\/home\/wp-json\/wp\/v2\/posts\/44874","targetHints":{"allow":["GET"]}}],"collection":[{"href":"https:\/\/goiasemtempo.com.br\/home\/wp-json\/wp\/v2\/posts"}],"about":[{"href":"https:\/\/goiasemtempo.com.br\/home\/wp-json\/wp\/v2\/types\/post"}],"author":[{"embeddable":true,"href":"https:\/\/goiasemtempo.com.br\/home\/wp-json\/wp\/v2\/users\/3"}],"replies":[{"embeddable":true,"href":"https:\/\/goiasemtempo.com.br\/home\/wp-json\/wp\/v2\/comments?post=44874"}],"version-history":[{"count":1,"href":"https:\/\/goiasemtempo.com.br\/home\/wp-json\/wp\/v2\/posts\/44874\/revisions"}],"predecessor-version":[{"id":44876,"href":"https:\/\/goiasemtempo.com.br\/home\/wp-json\/wp\/v2\/posts\/44874\/revisions\/44876"}],"wp:featuredmedia":[{"embeddable":true,"href":"https:\/\/goiasemtempo.com.br\/home\/wp-json\/wp\/v2\/media\/44875"}],"wp:attachment":[{"href":"https:\/\/goiasemtempo.com.br\/home\/wp-json\/wp\/v2\/media?parent=44874"}],"wp:term":[{"taxonomy":"category","embeddable":true,"href":"https:\/\/goiasemtempo.com.br\/home\/wp-json\/wp\/v2\/categories?post=44874"},{"taxonomy":"post_tag","embeddable":true,"href":"https:\/\/goiasemtempo.com.br\/home\/wp-json\/wp\/v2\/tags?post=44874"}],"curies":[{"name":"wp","href":"https:\/\/api.w.org\/{rel}","templated":true}]}}