{"id":44771,"date":"2019-02-06T13:21:51","date_gmt":"2019-02-06T13:21:51","guid":{"rendered":"http:\/\/goiasemtempo.com.br\/home\/?p=44771"},"modified":"2019-02-06T13:21:59","modified_gmt":"2019-02-06T13:21:59","slug":"juiz-manda-bloquear-bens-di-prefeito-de-niquelandia-por-contratacao-ilegal","status":"publish","type":"post","link":"https:\/\/goiasemtempo.com.br\/home\/juiz-manda-bloquear-bens-di-prefeito-de-niquelandia-por-contratacao-ilegal\/","title":{"rendered":"Juiz manda bloquear bens do prefeito de Niquel\u00e2ndia por contrata\u00e7\u00e3o ilegal"},"content":{"rendered":"<p>Por decis\u00e3o liminar em a\u00e7\u00e3o de improbidade administrativa proposta pelo Minist\u00e9rio P\u00fablico de Goi\u00e1s, foi determinada a indisponibilidade de bens do prefeito de Niquel\u00e2ndia, Fernando Carneiro da Silva; do secret\u00e1rio de Compras e Abastecimento, Valter Pinheiro Borges; al\u00e9m do ex-secret\u00e1rio de Sa\u00fade Rafael Caetano da Silva; do ex-secret\u00e1rio de Finan\u00e7as, Wesley Elias Salvador, e dos empres\u00e1rios Eliana Gomes dos Santos Dias e Wesley Narciso Dias, propriet\u00e1rios da empresa Ellos Servi\u00e7os e Loca\u00e7\u00f5es Ltda. A decis\u00e3o do juiz Andrey M\u00e1ximo Formiga determinou o bloqueio de bens dos r\u00e9us no valor de R$ 800 mil, a fim de assegurar patrim\u00f4nio suficiente para garantir eventual ressarcimento ao er\u00e1rio.<\/p>\n<p>Na a\u00e7\u00e3o, proposta no \u00faltimo dia 22 pela promotora Nathalia Botelho Portugal, \u00e9 apontado que o Minist\u00e9rio P\u00fablico instaurou, em setembro de 2018, foi a Not\u00edcia de Fato n\u00ba 201800387374, com o objetivo de apurar supostas irregularidades na celebra\u00e7\u00e3o do Contrato n\u00b0 42\/2018 entre a prefeitura de Niquel\u00e2ndia (Fundo Municipal de Sa\u00fade) e a empresa Ellos Servi\u00e7os e Loca\u00e7\u00f5es Ltda.<\/p>\n<p>A contrata\u00e7\u00e3o, que aconteceu por meio de dispensa de licita\u00e7\u00e3o, na forma do artigo 24, inciso IV, da Lei 8.666\/93 (casos de emerg\u00eancia), teve como objeto a presta\u00e7\u00e3o de servi\u00e7os continuados de limpeza, conserva\u00e7\u00e3o, higieniza\u00e7\u00e3o e manuten\u00e7\u00e3o predial, nas depend\u00eancias das unidades da Secretaria Municipal de Sa\u00fade. Contudo, de acordo com a promotora, diversas ilegalidades foram constatadas no procedimento, as quais comprometeram a validade do contrato.<\/p>\n<p>Entre as irregularidades apontadas est\u00e3o: a aus\u00eancia de justificativa para contrata\u00e7\u00e3o por dispensa de licita\u00e7\u00e3o, na forma do artigo 24, da Lei n\u00ba 8.666; equ\u00edvoco no c\u00e1lculo de custo estimado, e previs\u00e3o de prazo de vig\u00eancia do contrato, assim como de prorroga\u00e7\u00e3o, em desconformidade com o decreto de dispensa de licita\u00e7\u00e3o.<\/p>\n<p>\u201cAdemais, alguns dados geraram suspeitas acerca da capacidade t\u00e9cnica e financeira da empresa contratada, o que, somado \u00e0 aus\u00eancia de cautelas por parte da administra\u00e7\u00e3o, que celebrou contrato em valor elevado com base apenas em uma declara\u00e7\u00e3o emitida pelo Hospital Santa Marta, colocou em risco a execu\u00e7\u00e3o satisfat\u00f3ria dos servi\u00e7os\u201d, sustentou a promotora.<\/p>\n<p>Considerando que a continua\u00e7\u00e3o da execu\u00e7\u00e3o do Contrato n\u00ba 42\/2018, cujo valor estimado \u00e9 de R$ 623.811,23, provocaria graves preju\u00edzos ao patrim\u00f4nio p\u00fablico, o Minist\u00e9rio P\u00fablico ajuizou a\u00e7\u00e3o civil p\u00fablica requerendo a suspens\u00e3o e, posteriormente, a anula\u00e7\u00e3o do contrato.<\/p>\n<p>Ao analisar o pedido liminar, o magistrado afirmou que, ficou demonstrado, ao menos em tese, grave preju\u00edzo ao munic\u00edpio de Niquel\u00e2ndia, decorrente dos fatos descritos pelo MP-GO e a princ\u00edpio confirmados pelos documentos extra\u00eddos do Inqu\u00e9rito Civil P\u00fablico n\u00ba 65\/2018. Em caso de descumprimento da decis\u00e3o foi estipulado o pagamento de multa di\u00e1ria no valor de R$ 1 mil.<\/p>\n<p>(Cristina Rosa \/ Assessoria de Comunica\u00e7\u00e3o Social do MP-GO)<\/p>\n","protected":false},"excerpt":{"rendered":"<p>Por decis\u00e3o liminar em a\u00e7\u00e3o de improbidade administrativa proposta pelo Minist\u00e9rio P\u00fablico de Goi\u00e1s, foi determinada a indisponibilidade de bens do prefeito de Niquel\u00e2ndia, Fernando Carneiro da Silva; do secret\u00e1rio de Compras e Abastecimento, Valter Pinheiro Borges; al\u00e9m do ex-secret\u00e1rio de Sa\u00fade Rafael Caetano da Silva; do ex-secret\u00e1rio de Finan\u00e7as, Wesley Elias Salvador, e dos &hellip;<\/p>\n","protected":false},"author":3,"featured_media":44772,"comment_status":"open","ping_status":"open","sticky":false,"template":"","format":"standard","meta":{"_exactmetrics_skip_tracking":false,"_exactmetrics_sitenote_active":false,"_exactmetrics_sitenote_note":"","_exactmetrics_sitenote_category":0,"footnotes":""},"categories":[7],"tags":[],"_links":{"self":[{"href":"https:\/\/goiasemtempo.com.br\/home\/wp-json\/wp\/v2\/posts\/44771"}],"collection":[{"href":"https:\/\/goiasemtempo.com.br\/home\/wp-json\/wp\/v2\/posts"}],"about":[{"href":"https:\/\/goiasemtempo.com.br\/home\/wp-json\/wp\/v2\/types\/post"}],"author":[{"embeddable":true,"href":"https:\/\/goiasemtempo.com.br\/home\/wp-json\/wp\/v2\/users\/3"}],"replies":[{"embeddable":true,"href":"https:\/\/goiasemtempo.com.br\/home\/wp-json\/wp\/v2\/comments?post=44771"}],"version-history":[{"count":2,"href":"https:\/\/goiasemtempo.com.br\/home\/wp-json\/wp\/v2\/posts\/44771\/revisions"}],"predecessor-version":[{"id":44774,"href":"https:\/\/goiasemtempo.com.br\/home\/wp-json\/wp\/v2\/posts\/44771\/revisions\/44774"}],"wp:featuredmedia":[{"embeddable":true,"href":"https:\/\/goiasemtempo.com.br\/home\/wp-json\/wp\/v2\/media\/44772"}],"wp:attachment":[{"href":"https:\/\/goiasemtempo.com.br\/home\/wp-json\/wp\/v2\/media?parent=44771"}],"wp:term":[{"taxonomy":"category","embeddable":true,"href":"https:\/\/goiasemtempo.com.br\/home\/wp-json\/wp\/v2\/categories?post=44771"},{"taxonomy":"post_tag","embeddable":true,"href":"https:\/\/goiasemtempo.com.br\/home\/wp-json\/wp\/v2\/tags?post=44771"}],"curies":[{"name":"wp","href":"https:\/\/api.w.org\/{rel}","templated":true}]}}