{"id":44764,"date":"2019-02-05T23:08:52","date_gmt":"2019-02-05T23:08:52","guid":{"rendered":"http:\/\/goiasemtempo.com.br\/home\/?p=44764"},"modified":"2019-02-05T23:08:52","modified_gmt":"2019-02-05T23:08:52","slug":"numero-de-mortos-confirmados-em-brumadinho-sobe-para-142","status":"publish","type":"post","link":"https:\/\/goiasemtempo.com.br\/home\/numero-de-mortos-confirmados-em-brumadinho-sobe-para-142\/","title":{"rendered":"N\u00famero de mortos confirmados em Brumadinho sobe para 142"},"content":{"rendered":"<p>O n\u00famero de mortos confirmados em decorr\u00eancia da trag\u00e9dia do rompimento da barragem da Vale em Brumadinho (MG) subiu para 142. Destes, 122 foram identificados e 20 est\u00e3o sem reconhecimento. As informa\u00e7\u00f5es foram atualizadas pela Defesa Civil de Minas Gerais no fim da tarde de hoje (5).<\/p>\n<p>Segundo o boletim do \u00f3rg\u00e3o, ainda h\u00e1 194 desaparecidos, sendo 61 da listagem da Vale e 133 de trabalhadores terceirizados ou pessoas da comunidade. J\u00e1 os localizados totalizam 392, sendo 223 da lista da mineradora e 169 terceirizados ou da comunidade.<\/p>\n<p>No balan\u00e7o divulgado ontem (4), haviam<a href=\"http:\/\/agenciabrasil.ebc.com.br\/geral\/noticia\/2019-02\/numero-de-mortos-na-tragedia-de-brumadinho-sobe-para-134\" target=\"_blank\" rel=\"noopener\">\u00a0sido registrados<\/a>\u00a0134 pessoas mortas na trag\u00e9dia, 199 desaparecidas e 394 localizadas.<\/p>\n<p>Os dados da Defesa Civil atualizam tamb\u00e9m desabrigados e hospitalizados. No primeiro grupo encontram-se 103 pessoas, que foram deslocadas para alojamentos tempor\u00e1rios, como hoteis. Entre as pessoas em tratamento em hospitais restam tr\u00eas v\u00edtimas.<\/p>\n<h2>Soltura de presos<\/h2>\n<p>Hoje o Superior Tribunal de Justi\u00e7a\u00a0<a href=\"http:\/\/%28http\/\/agenciabrasil.ebc.com.br\/justica\/noticia\/2019-02\/stj-manda-soltar-presos-por-rompimento-da-barragem-em-brumadinho\" target=\"_blank\" rel=\"noopener\">decidiu pela soltura<\/a>\u00a0de cinco pessoas presas no dia 29 de janeiro acusadas de envolvimento na trag\u00e9dia. Entre elas estavam engenheiros, ge\u00f3logos e outros t\u00e9cnicos da Vale e da empresa que assinou laudo assegurando as condi\u00e7\u00f5es de seguran\u00e7a da barragem.<\/p>\n","protected":false},"excerpt":{"rendered":"<p>O n\u00famero de mortos confirmados em decorr\u00eancia da trag\u00e9dia do rompimento da barragem da Vale em Brumadinho (MG) subiu para 142. Destes, 122 foram identificados e 20 est\u00e3o sem reconhecimento. As informa\u00e7\u00f5es foram atualizadas pela Defesa Civil de Minas Gerais no fim da tarde de hoje (5). Segundo o boletim do \u00f3rg\u00e3o, ainda h\u00e1 194 &hellip;<\/p>\n","protected":false},"author":3,"featured_media":44765,"comment_status":"open","ping_status":"open","sticky":false,"template":"","format":"standard","meta":{"footnotes":""},"categories":[4],"tags":[],"class_list":["post-44764","post","type-post","status-publish","format-standard","has-post-thumbnail","hentry","category-ultimas-noticias"],"_links":{"self":[{"href":"https:\/\/goiasemtempo.com.br\/home\/wp-json\/wp\/v2\/posts\/44764","targetHints":{"allow":["GET"]}}],"collection":[{"href":"https:\/\/goiasemtempo.com.br\/home\/wp-json\/wp\/v2\/posts"}],"about":[{"href":"https:\/\/goiasemtempo.com.br\/home\/wp-json\/wp\/v2\/types\/post"}],"author":[{"embeddable":true,"href":"https:\/\/goiasemtempo.com.br\/home\/wp-json\/wp\/v2\/users\/3"}],"replies":[{"embeddable":true,"href":"https:\/\/goiasemtempo.com.br\/home\/wp-json\/wp\/v2\/comments?post=44764"}],"version-history":[{"count":1,"href":"https:\/\/goiasemtempo.com.br\/home\/wp-json\/wp\/v2\/posts\/44764\/revisions"}],"predecessor-version":[{"id":44766,"href":"https:\/\/goiasemtempo.com.br\/home\/wp-json\/wp\/v2\/posts\/44764\/revisions\/44766"}],"wp:featuredmedia":[{"embeddable":true,"href":"https:\/\/goiasemtempo.com.br\/home\/wp-json\/wp\/v2\/media\/44765"}],"wp:attachment":[{"href":"https:\/\/goiasemtempo.com.br\/home\/wp-json\/wp\/v2\/media?parent=44764"}],"wp:term":[{"taxonomy":"category","embeddable":true,"href":"https:\/\/goiasemtempo.com.br\/home\/wp-json\/wp\/v2\/categories?post=44764"},{"taxonomy":"post_tag","embeddable":true,"href":"https:\/\/goiasemtempo.com.br\/home\/wp-json\/wp\/v2\/tags?post=44764"}],"curies":[{"name":"wp","href":"https:\/\/api.w.org\/{rel}","templated":true}]}}