{"id":4467,"date":"2017-12-24T17:49:18","date_gmt":"2017-12-24T17:49:18","guid":{"rendered":"http:\/\/goiasemtempo.com.br\/home\/?p=4467"},"modified":"2017-12-24T17:49:18","modified_gmt":"2017-12-24T17:49:18","slug":"as-vesperas-da-cop-23-onu-aponta-riscos-para-efetivacao-do-acordo-de-paris","status":"publish","type":"post","link":"https:\/\/goiasemtempo.com.br\/home\/as-vesperas-da-cop-23-onu-aponta-riscos-para-efetivacao-do-acordo-de-paris\/","title":{"rendered":"\u00c0s v\u00e9speras da COP 23, ONU aponta riscos para efetiva\u00e7\u00e3o do Acordo de Paris"},"content":{"rendered":"<p>H\u00e1 dois anos, 195 pa\u00edses firmaram o Acordo de Paris, fruto da Confer\u00eancia Mundial do Clima (COP21) sobre a redu\u00e7\u00e3o de emiss\u00f5es de gases de efeito estufa. Era a primeira vez na hist\u00f3ria que governos reconheciam conjuntamente os riscos associadas ao aquecimento global e pactuavam um acordo global sobre o clima.<\/p>\n<p>Apesar da relev\u00e2ncia do acordo, um estudo divulgado hoje (31), pela ONU Meio Ambiente afirma que o acordo est\u00e1 em risco. Mesmo se fossem cumpridos todos os compromissos assumidos, isso representaria apenas um ter\u00e7o do que \u00e9 necess\u00e1rio alcan\u00e7ar at\u00e9 2030 para que os piores impactos das mudan\u00e7as clim\u00e1ticas sejam evitados, de acordo com a ag\u00eancia da ONU que \u00e9 a principal autoridade global em meio ambiente.<\/p>\n<p>Divulgada a uma semana do in\u00edcio da COP 23, Confer\u00eancia das Na\u00e7\u00f5es Unidas sobre Mudan\u00e7as Clim\u00e1ticas, que ocorre em Bonn, na Alemanha, entre 6 e 17 de novembro, a oitava edi\u00e7\u00e3o do Relat\u00f3rio da ONU Meio Ambiente sobre a lacuna das emiss\u00f5es, intitulada Emissions Gap Report, alerta que s\u00e3o necess\u00e1rias medidas urgentes para que o acordo possa entrar em vigor em 2020, conforme previsto na COP 21. \u201cOs governos e os atores n\u00e3o estatais precisam aumentar urgentemente sua ambi\u00e7\u00e3o para garantir que os objetivos do Acordo de Paris ainda possam ser alcan\u00e7ados, de acordo com uma nova avalia\u00e7\u00e3o da ONU\u201d, diz o relat\u00f3rio.<\/p>\n<p>A principal meta em quest\u00e3o \u00e9 limitar o aquecimento m\u00e1ximo do planeta a uma temperatura m\u00e9dia \u201cbem abaixo de 2 graus C\u00e9lsius (\u00b0C) acima dos n\u00edveis pr\u00e9-revolu\u00e7\u00e3o industrial\u201d, com esfor\u00e7os para limitar o aumento de temperatura a 1,5\u00b0C, nos termos fixados em 2015.<\/p>\n<p>\u201cAs a\u00e7\u00f5es para se chegar \u00e0 redu\u00e7\u00e3o proposta em Paris s\u00e3o definidas por cada pa\u00eds, que diz como pode contribuir com esse objetivo global comum\u201d, explica o coordenador de emiss\u00f5es do Observat\u00f3rio do Clima, Tasso Azevedo. Ele detalha que as propostas atuais fazem com que as emiss\u00f5es de 2030 provavelmente alcancem 11 a 13,5 gigatoneladas de di\u00f3xido de carbono equivalente (GtCO2e) acima do n\u00edvel necess\u00e1rio \u00e0 ado\u00e7\u00e3o de uma trajet\u00f3ria condizente com o objetivo de evitar o aquecimento de 2\u00baC.<\/p>\n<p>Nesse rumo, de acordo com as Na\u00e7\u00f5es Unidas, \u00e9 \u201cmuito prov\u00e1vel\u201d que haja aumento da temperatura de pelo menos 3\u00b0C at\u00e9 2100. O cen\u00e1rio pode se tornar ainda mais grave caso os Estados Unidos sustentem a inten\u00e7\u00e3o declarada de deixar o Acordo de Paris em 2020, alerta o estudo. \u201cAinda falta muito esfor\u00e7o a ser feito, por isso o que o relat\u00f3rio apresenta um apelo para que, at\u00e9 2020, quando vai ocorrer a primeira revis\u00e3o das metas, elas sejam fortalecidas para a gente diminuir essa dist\u00e2ncia entre as propostas fixadas pelos pa\u00edses e a meta global\u201d, destaca Azevedo, que antecipa que, \u201cse a gente n\u00e3o der mais ambi\u00e7\u00e3o para essa metas, estaremos numa situa\u00e7\u00e3o ruim\u201d.<\/p>\n<p>Di\u00f3xido de carbono<\/p>\n<p>Nesse contexto, a Organiza\u00e7\u00e3o Meteorol\u00f3gica Mundial (OMM) divulgou boletim ontem (30) que mostra que a concentra\u00e7\u00e3o de di\u00f3xido de carbono na atmosfera bateu recorde neste ano, chegando a 403,3 partes por milh\u00e3o (ppm).<\/p>\n<p>O relat\u00f3rio apresenta formas pr\u00e1ticas de envolver diversos agentes, inclusive munic\u00edpios e setor privado, no esfor\u00e7o de reduzir as emiss\u00f5es em diferentes setores, por meio de a\u00e7\u00f5es como ado\u00e7\u00e3o de energia solar e e\u00f3lica, desenvolvimento de carros de passageiros eficientes e reflorestamento.<\/p>\n<p>Esses agentes tamb\u00e9m podem contribuir com o fim do desmatamento, a elimina\u00e7\u00e3o do uso e produ\u00e7\u00e3o de hidrofluorcarbonos \u2013 produtos qu\u00edmicos usados principalmente em aparelhos de ar-condicionado, refrigera\u00e7\u00e3o e isolamento de espuma \u2013 e reduzindo poluentes clim\u00e1ticos como o carbono preto e o metano.<\/p>\n<p>Para a ONU, \u00e9 preciso garantir investimentos para a adota\u00e7\u00e3o de tecnologias limpas. A organiza\u00e7\u00e3o calcula que o investimento de menos de US$ 100 por tonelada de CO2 evitado poderia economizar at\u00e9 36 GtCO2e, a cada ano, at\u00e9 2030.<\/p>\n<p>Outro ponto que o relat\u00f3rio destaca \u00e9 a necessidade de efetiva\u00e7\u00e3o de mudan\u00e7as na matriz energ\u00e9tica. Evitar novas usinas a carv\u00e3o e eliminar as j\u00e1 existentes \u00e9 uma das recomenda\u00e7\u00f5es das Na\u00e7\u00f5es Unidas nesse sentido. O relat\u00f3rio aponta que existem cerca de 6.683 usinas a carv\u00e3o em funcionamento no mundo, com uma capacidade combinada de 1.964 gigawatt (GW).<\/p>\n<p>Se essas usinas funcionarem at\u00e9 o final de sua vida \u00fatil sem se adaptar \u00e0 Captura e Armazenamento de Carbono, de acordo com o estudo, elas v\u00e3o emitir um total de 190 gigatonelada (Gt) de CO2.<\/p>\n","protected":false},"excerpt":{"rendered":"<p>H\u00e1 dois anos, 195 pa\u00edses firmaram o Acordo de Paris, fruto da Confer\u00eancia Mundial do Clima (COP21) sobre a redu\u00e7\u00e3o de emiss\u00f5es de gases de efeito estufa. Era a primeira vez na hist\u00f3ria que governos reconheciam conjuntamente os riscos associadas ao aquecimento global e pactuavam um acordo global sobre o clima. Apesar da relev\u00e2ncia do &hellip;<\/p>\n","protected":false},"author":2,"featured_media":1939,"comment_status":"open","ping_status":"open","sticky":false,"template":"","format":"standard","meta":{"footnotes":""},"categories":[4],"tags":[],"class_list":["post-4467","post","type-post","status-publish","format-standard","has-post-thumbnail","hentry","category-ultimas-noticias"],"_links":{"self":[{"href":"https:\/\/goiasemtempo.com.br\/home\/wp-json\/wp\/v2\/posts\/4467","targetHints":{"allow":["GET"]}}],"collection":[{"href":"https:\/\/goiasemtempo.com.br\/home\/wp-json\/wp\/v2\/posts"}],"about":[{"href":"https:\/\/goiasemtempo.com.br\/home\/wp-json\/wp\/v2\/types\/post"}],"author":[{"embeddable":true,"href":"https:\/\/goiasemtempo.com.br\/home\/wp-json\/wp\/v2\/users\/2"}],"replies":[{"embeddable":true,"href":"https:\/\/goiasemtempo.com.br\/home\/wp-json\/wp\/v2\/comments?post=4467"}],"version-history":[{"count":1,"href":"https:\/\/goiasemtempo.com.br\/home\/wp-json\/wp\/v2\/posts\/4467\/revisions"}],"predecessor-version":[{"id":4468,"href":"https:\/\/goiasemtempo.com.br\/home\/wp-json\/wp\/v2\/posts\/4467\/revisions\/4468"}],"wp:featuredmedia":[{"embeddable":true,"href":"https:\/\/goiasemtempo.com.br\/home\/wp-json\/wp\/v2\/media\/1939"}],"wp:attachment":[{"href":"https:\/\/goiasemtempo.com.br\/home\/wp-json\/wp\/v2\/media?parent=4467"}],"wp:term":[{"taxonomy":"category","embeddable":true,"href":"https:\/\/goiasemtempo.com.br\/home\/wp-json\/wp\/v2\/categories?post=4467"},{"taxonomy":"post_tag","embeddable":true,"href":"https:\/\/goiasemtempo.com.br\/home\/wp-json\/wp\/v2\/tags?post=4467"}],"curies":[{"name":"wp","href":"https:\/\/api.w.org\/{rel}","templated":true}]}}