{"id":44589,"date":"2019-02-01T18:29:14","date_gmt":"2019-02-01T18:29:14","guid":{"rendered":"http:\/\/goiasemtempo.com.br\/home\/?p=44589"},"modified":"2019-02-01T18:29:14","modified_gmt":"2019-02-01T18:29:14","slug":"ana-maria-ignora-redetv-ao-anunciar-1a-entrevista-com-vitima","status":"publish","type":"post","link":"https:\/\/goiasemtempo.com.br\/home\/ana-maria-ignora-redetv-ao-anunciar-1a-entrevista-com-vitima\/","title":{"rendered":"Ana Maria \u2018ignora\u2019 RedeTV! ao anunciar 1\u00aa entrevista com v\u00edtima"},"content":{"rendered":"<div class=\"aaiyvru scrolled\">\n<header id=\"header-common\" role=\"banner\" data-id=\"1\" data-aaid=\"{&quot;i&quot;:1,&quot;n&quot;:&quot;header&quot;,&quot;y&quot;:6}\" data-aaiivxzfe=\"header\">Ana Maria Braga ignorou a RedeTV! ao anunciar, nesta sexta-feira (1), a primeira entrevista de Paloma, uma sobrevivente da trag\u00e9dia de Brumadinho, Minas Gerais. A emissora de Amilcare Dallevo j\u00e1 havia exibido uma reportagem com a mo\u00e7a na noite anterior.<\/header>\n<\/div>\n<header role=\"banner\" data-id=\"1\" data-aaid=\"{&quot;i&quot;:1,&quot;n&quot;:&quot;header&quot;,&quot;y&quot;:6}\" data-aaiivxzfe=\"header\"><\/header>\n<header role=\"banner\" data-id=\"1\" data-aaid=\"{&quot;i&quot;:1,&quot;n&quot;:&quot;header&quot;,&quot;y&quot;:6}\" data-aaiivxzfe=\"header\">\u201cMulher retirada do meio da lama fala pela primeira vez\u201d, surgiu escrito no GC do matinal.<\/p>\n<p>Por quase 10 minutos, a mulher conversou com a apresentadora enquanto eram exibidas imagens da v\u00edtima presa na lama que invadiu a regi\u00e3o ap\u00f3s o rompimento de uma barragem.<\/p>\n<p>A rep\u00f3rter do \u201cRedeTV! News\u201d Patr\u00edcia Contaldi, por sua vez, registrou o momento em que a sobrevivente deixou o hospital e encontrou os pais e exibiu as imagens no \u201cRedeTV! News\u201d. Paloma ainda comentou sobre a esperan\u00e7a de ainda encontrar o filho.<\/p>\n<p>Com Ag\u00eancia de Not\u00edcias\/famosidades<\/p>\n<\/header>\n","protected":false},"excerpt":{"rendered":"<p>Ana Maria Braga ignorou a RedeTV! ao anunciar, nesta sexta-feira (1), a primeira entrevista de Paloma, uma sobrevivente da trag\u00e9dia de Brumadinho, Minas Gerais. A emissora de Amilcare Dallevo j\u00e1 havia exibido uma reportagem com a mo\u00e7a na noite anterior. \u201cMulher retirada do meio da lama fala pela primeira vez\u201d, surgiu escrito no GC do &hellip;<\/p>\n","protected":false},"author":3,"featured_media":44590,"comment_status":"open","ping_status":"open","sticky":false,"template":"","format":"standard","meta":{"_exactmetrics_skip_tracking":false,"_exactmetrics_sitenote_active":false,"_exactmetrics_sitenote_note":"","_exactmetrics_sitenote_category":0,"footnotes":""},"categories":[12],"tags":[],"_links":{"self":[{"href":"https:\/\/goiasemtempo.com.br\/home\/wp-json\/wp\/v2\/posts\/44589"}],"collection":[{"href":"https:\/\/goiasemtempo.com.br\/home\/wp-json\/wp\/v2\/posts"}],"about":[{"href":"https:\/\/goiasemtempo.com.br\/home\/wp-json\/wp\/v2\/types\/post"}],"author":[{"embeddable":true,"href":"https:\/\/goiasemtempo.com.br\/home\/wp-json\/wp\/v2\/users\/3"}],"replies":[{"embeddable":true,"href":"https:\/\/goiasemtempo.com.br\/home\/wp-json\/wp\/v2\/comments?post=44589"}],"version-history":[{"count":1,"href":"https:\/\/goiasemtempo.com.br\/home\/wp-json\/wp\/v2\/posts\/44589\/revisions"}],"predecessor-version":[{"id":44591,"href":"https:\/\/goiasemtempo.com.br\/home\/wp-json\/wp\/v2\/posts\/44589\/revisions\/44591"}],"wp:featuredmedia":[{"embeddable":true,"href":"https:\/\/goiasemtempo.com.br\/home\/wp-json\/wp\/v2\/media\/44590"}],"wp:attachment":[{"href":"https:\/\/goiasemtempo.com.br\/home\/wp-json\/wp\/v2\/media?parent=44589"}],"wp:term":[{"taxonomy":"category","embeddable":true,"href":"https:\/\/goiasemtempo.com.br\/home\/wp-json\/wp\/v2\/categories?post=44589"},{"taxonomy":"post_tag","embeddable":true,"href":"https:\/\/goiasemtempo.com.br\/home\/wp-json\/wp\/v2\/tags?post=44589"}],"curies":[{"name":"wp","href":"https:\/\/api.w.org\/{rel}","templated":true}]}}