{"id":44268,"date":"2019-01-26T16:10:43","date_gmt":"2019-01-26T16:10:43","guid":{"rendered":"http:\/\/goiasemtempo.com.br\/home\/?p=44268"},"modified":"2019-01-26T16:10:43","modified_gmt":"2019-01-26T16:10:43","slug":"presidente-bolsonaro-diz-que-vai-atuar-para-evitar-novas-tragedias","status":"publish","type":"post","link":"https:\/\/goiasemtempo.com.br\/home\/presidente-bolsonaro-diz-que-vai-atuar-para-evitar-novas-tragedias\/","title":{"rendered":"Presidente Bolsonaro diz que vai atuar para evitar novas trag\u00e9dias"},"content":{"rendered":"<p>Ap\u00f3s sobrevoar a regi\u00e3o atingida pelos rejeitos de uma barragem da mineradora Vale que se rompeu em Brumadinho (MG), o presidente Jair Bolsonaro disse que vai trabalhar para atender \u00e0s v\u00edtimas, cobrar pelos danos causados e evitar novas trag\u00e9dias.<\/p>\n<p>\u201cFaremos o que estiver ao nosso alcance para atender as v\u00edtimas, minimizar danos, apurar os fatos, cobrar justi\u00e7a e prevenir novas trag\u00e9dias como a de Mariana e Brumadinho\u201d, escreveu o presidente no Twitter. \u201cPara o bem dos brasileiros e do meio ambiente.\u201d<\/p>\n<p>Bolsonaro voltou para Bras\u00edlia depois do sobrevoo. \u201cDif\u00edcil ficar diante de todo esse cen\u00e1rio e n\u00e3o se emocionar\u201d, afirmou.<\/p>\n<div class=\"dnd-widget-wrapper context-cheio_8colunas type-image\">\n<div class=\"dnd-atom-rendered\">\n<figure class=\"mejs-fotoh-wrapper\"><img decoding=\"async\" class=\"img-responsive full full\" title=\"Isac N\u00f3brega\/PR\" src=\"http:\/\/imagens.ebc.com.br\/rlBReicqGb4nw8eftd567xucI4A=\/754x0\/smart\/http:\/\/agenciabrasil.ebc.com.br\/sites\/default\/files\/thumbnails\/image\/pr_abr_26011910852.jpg?itok=FgI0_awR\" alt=\" O Presidente da Rep\u00fablica, Jair Bolsonaro, durante sobrevoo da  regi\u00e3o atingida pelo rompimento da barragem Mina C\u00f3rrego do Feij\u00e3o, em Brumadinho\/MG.\n\" \/><\/figure>\n<\/div>\n<div class=\"dnd-caption-wrapper\">\n<h6 class=\"meta\">O Presidente da Rep\u00fablica, Jair Bolsonaro, durante sobrevoo da regi\u00e3o atingida pelo rompimento da barragem Mina C\u00f3rrego do Feij\u00e3o, em Brumadinho\/MG. &#8211;\u00a0<strong>Isac N\u00f3brega\/PR<\/strong><\/h6>\n<p>&nbsp;<\/p>\n<\/div>\n<\/div>\n<p>O presidente tamb\u00e9m participou, na manh\u00e3 de\u00a0<span id=\"OBJ_PREFIX_DWT2475_com_zimbra_date\" role=\"link\">hoje<\/span>, de uma reuni\u00e3o de trabalho com o governador de Minas Gerais, Romeu Zema (Novo), a procuradora-geral da Rep\u00fablica, Raquel Dodge, ministros e representantes da Vale. No encontro foram debatidas medidas de ajuda \u00e0s v\u00edtimas do rompimento da barragem da Mina do Feij\u00e3o.<\/p>\n<p>Com Abr.<\/p>\n","protected":false},"excerpt":{"rendered":"<p>Ap\u00f3s sobrevoar a regi\u00e3o atingida pelos rejeitos de uma barragem da mineradora Vale que se rompeu em Brumadinho (MG), o presidente Jair Bolsonaro disse que vai trabalhar para atender \u00e0s v\u00edtimas, cobrar pelos danos causados e evitar novas trag\u00e9dias. \u201cFaremos o que estiver ao nosso alcance para atender as v\u00edtimas, minimizar danos, apurar os fatos, &hellip;<\/p>\n","protected":false},"author":3,"featured_media":44269,"comment_status":"open","ping_status":"open","sticky":false,"template":"","format":"standard","meta":{"footnotes":""},"categories":[4],"tags":[],"class_list":["post-44268","post","type-post","status-publish","format-standard","has-post-thumbnail","hentry","category-ultimas-noticias"],"_links":{"self":[{"href":"https:\/\/goiasemtempo.com.br\/home\/wp-json\/wp\/v2\/posts\/44268","targetHints":{"allow":["GET"]}}],"collection":[{"href":"https:\/\/goiasemtempo.com.br\/home\/wp-json\/wp\/v2\/posts"}],"about":[{"href":"https:\/\/goiasemtempo.com.br\/home\/wp-json\/wp\/v2\/types\/post"}],"author":[{"embeddable":true,"href":"https:\/\/goiasemtempo.com.br\/home\/wp-json\/wp\/v2\/users\/3"}],"replies":[{"embeddable":true,"href":"https:\/\/goiasemtempo.com.br\/home\/wp-json\/wp\/v2\/comments?post=44268"}],"version-history":[{"count":1,"href":"https:\/\/goiasemtempo.com.br\/home\/wp-json\/wp\/v2\/posts\/44268\/revisions"}],"predecessor-version":[{"id":44270,"href":"https:\/\/goiasemtempo.com.br\/home\/wp-json\/wp\/v2\/posts\/44268\/revisions\/44270"}],"wp:featuredmedia":[{"embeddable":true,"href":"https:\/\/goiasemtempo.com.br\/home\/wp-json\/wp\/v2\/media\/44269"}],"wp:attachment":[{"href":"https:\/\/goiasemtempo.com.br\/home\/wp-json\/wp\/v2\/media?parent=44268"}],"wp:term":[{"taxonomy":"category","embeddable":true,"href":"https:\/\/goiasemtempo.com.br\/home\/wp-json\/wp\/v2\/categories?post=44268"},{"taxonomy":"post_tag","embeddable":true,"href":"https:\/\/goiasemtempo.com.br\/home\/wp-json\/wp\/v2\/tags?post=44268"}],"curies":[{"name":"wp","href":"https:\/\/api.w.org\/{rel}","templated":true}]}}