{"id":44177,"date":"2019-01-24T17:43:10","date_gmt":"2019-01-24T17:43:10","guid":{"rendered":"http:\/\/goiasemtempo.com.br\/home\/?p=44177"},"modified":"2019-01-24T17:43:50","modified_gmt":"2019-01-24T17:43:50","slug":"anapolis-volei-e-apresentado-com-grande-publico-em-shopping-da-cidade","status":"publish","type":"post","link":"https:\/\/goiasemtempo.com.br\/home\/anapolis-volei-e-apresentado-com-grande-publico-em-shopping-da-cidade\/","title":{"rendered":"An\u00e1polis V\u00f4lei \u00e9 apresentado com grande p\u00fablico em shopping da cidade"},"content":{"rendered":"<p>A partir de agora, os goianos e em especial os anapolinos ter\u00e3o uma equipe de peso para representar o Estado no Campeonato Brasileiro de Voleibol \u2013 Superliga B. Os jogadores do time An\u00e1polis V\u00f4lei foram apresentados oficialmente para a popula\u00e7\u00e3o durante uma cerim\u00f4nia que aconteceu na noite de ter\u00e7a-feira, 22, no Brasil Park Shopping. A anima\u00e7\u00e3o do p\u00fablico que acompanhou o evento contagiou os atletas, que agora tem um incentivo a mais para a estreia, que acontece neste s\u00e1bado, 26, \u00e0s 17h, no Gin\u00e1sio Internacional Newton de Faria, contra o JF V\u00f4lei (Juiz de Fora \u2013 MG).<\/p>\n<p>Na apresenta\u00e7\u00e3o, que teve m\u00fasica e sess\u00e3o de fotos, o p\u00fablico conheceu os 17 atletas do time, suas trajet\u00f3rias na modalidade, caracter\u00edsticas e posi\u00e7\u00f5es em quadra. A comiss\u00e3o tamb\u00e9m recebeu aten\u00e7\u00e3o especial. Treinador, auxiliar e assistentes t\u00e9cnicos, fisioterapeutas, analista de desempenho e coordenador de quadra. Todos foram nominados e receberam apoio dos torcedores.\u00a0<a href=\"http:\/\/www.anapolis.go.gov.br\/portal\/arquivos\/files\/Ficha%20T%C3%A9cnica%20-%20Atletas.pdf\">Clique aqui e conhe\u00e7a a equipe completa!<\/a><\/p>\n<p>\u201cPodem ter certeza que os atletas do time reconhecem o esfor\u00e7o que a Prefeitura de An\u00e1polis est\u00e1 fazendo para esse projeto dar certo. N\u00f3s daremos o nosso melhor na Superliga B, e assim levar o nome dessa cidade que nos abra\u00e7ou para a elite do v\u00f4lei nacional\u201d, garantiu o capit\u00e3o e levantador, Paulo Renan, que veio de uma equipe da Gr\u00e9cia para atuar no munic\u00edpio.<\/p>\n<p>H\u00e1 dois meses o An\u00e1polis V\u00f4lei foi formado. Capitaneado pelo multicampe\u00e3o de v\u00f4lei mundial, Dante Amaral, o time contou com todo o est\u00edmulo da Prefeitura para defender a cidade na Superliga B. \u201cO prefeito Roberto Naves e o secret\u00e1rio de Esporte, Karim Abrah\u00e3o, deram a oportunidade de realizar o meu sonho de levar o nome do meu Estado para campeonatos importantes. Por isso, iremos fazer jus a todo esse suporte. Al\u00e9m disso, contamos com o apoio de toda popula\u00e7\u00e3o nos jogos\u201d, comentou Dante.<\/p>\n<p>O prefeito,que j\u00e1 praticou o esporte, fez quest\u00e3o dar um recado aos atletas e comiss\u00e3o t\u00e9cnica antes da estreia na competi\u00e7\u00e3o. \u201cEu desejo a cada um de voc\u00eas uma boa sorte e que Deus aben\u00e7oe cada um. An\u00e1polis estar\u00e1 torcendo por voc\u00eas a cada jogo\u201d, disse.<\/p>\n<p><strong>Projeto social<\/strong><\/p>\n<p>Al\u00e9m do time profissional, a parceria entre a Prefeitura de An\u00e1polis e o Instituto Dante V\u00f4lei contempla um projeto social que deve atender mais de 600 crian\u00e7as e adolescentes que vivem em situa\u00e7\u00e3o de vulnerabilidade social. Nesta a\u00e7\u00e3o, os atletas mirins v\u00e3o aprender todas as t\u00e9cnicas do esporte. \u201cAs aulas v\u00e3o acontecer nas quadras das escolas municipais. Tenho certeza que essa iniciativa ir\u00e1 mudar a vida da popula\u00e7\u00e3o\u201d, afirmou Roberto Naves.<\/p>\n","protected":false},"excerpt":{"rendered":"<p>A partir de agora, os goianos e em especial os anapolinos ter\u00e3o uma equipe de peso para representar o Estado no Campeonato Brasileiro de Voleibol \u2013 Superliga B. Os jogadores do time An\u00e1polis V\u00f4lei foram apresentados oficialmente para a popula\u00e7\u00e3o durante uma cerim\u00f4nia que aconteceu na noite de ter\u00e7a-feira, 22, no Brasil Park Shopping. A &hellip;<\/p>\n","protected":false},"author":3,"featured_media":44178,"comment_status":"open","ping_status":"open","sticky":false,"template":"","format":"standard","meta":{"_exactmetrics_skip_tracking":false,"_exactmetrics_sitenote_active":false,"_exactmetrics_sitenote_note":"","_exactmetrics_sitenote_category":0,"footnotes":""},"categories":[18],"tags":[],"_links":{"self":[{"href":"https:\/\/goiasemtempo.com.br\/home\/wp-json\/wp\/v2\/posts\/44177"}],"collection":[{"href":"https:\/\/goiasemtempo.com.br\/home\/wp-json\/wp\/v2\/posts"}],"about":[{"href":"https:\/\/goiasemtempo.com.br\/home\/wp-json\/wp\/v2\/types\/post"}],"author":[{"embeddable":true,"href":"https:\/\/goiasemtempo.com.br\/home\/wp-json\/wp\/v2\/users\/3"}],"replies":[{"embeddable":true,"href":"https:\/\/goiasemtempo.com.br\/home\/wp-json\/wp\/v2\/comments?post=44177"}],"version-history":[{"count":2,"href":"https:\/\/goiasemtempo.com.br\/home\/wp-json\/wp\/v2\/posts\/44177\/revisions"}],"predecessor-version":[{"id":44180,"href":"https:\/\/goiasemtempo.com.br\/home\/wp-json\/wp\/v2\/posts\/44177\/revisions\/44180"}],"wp:featuredmedia":[{"embeddable":true,"href":"https:\/\/goiasemtempo.com.br\/home\/wp-json\/wp\/v2\/media\/44178"}],"wp:attachment":[{"href":"https:\/\/goiasemtempo.com.br\/home\/wp-json\/wp\/v2\/media?parent=44177"}],"wp:term":[{"taxonomy":"category","embeddable":true,"href":"https:\/\/goiasemtempo.com.br\/home\/wp-json\/wp\/v2\/categories?post=44177"},{"taxonomy":"post_tag","embeddable":true,"href":"https:\/\/goiasemtempo.com.br\/home\/wp-json\/wp\/v2\/tags?post=44177"}],"curies":[{"name":"wp","href":"https:\/\/api.w.org\/{rel}","templated":true}]}}