{"id":43980,"date":"2019-01-20T16:17:24","date_gmt":"2019-01-20T16:17:24","guid":{"rendered":"http:\/\/goiasemtempo.com.br\/home\/?p=43980"},"modified":"2019-01-20T16:17:24","modified_gmt":"2019-01-20T16:17:24","slug":"eleicao-para-procurador-geral-de-justica-de-goias-tem-nove-inscritos","status":"publish","type":"post","link":"https:\/\/goiasemtempo.com.br\/home\/eleicao-para-procurador-geral-de-justica-de-goias-tem-nove-inscritos\/","title":{"rendered":"Elei\u00e7\u00e3o para procurador-geral de Justi\u00e7a de Goi\u00e1s tem nove inscritos"},"content":{"rendered":"<p>A elei\u00e7\u00e3o para o cargo de procurador-geral de Justi\u00e7a de Goi\u00e1s, marcada para 8 de fevereiro, tem nove inscritos na disputa. Com o fim hoje (18\/1) do prazo para registro de candidaturas, inscreveram-se para concorrer ao cargo, pela ordem alfab\u00e9tica, Aylton Fl\u00e1vio Vechi, Benedito Torres Neto, Carlos Alberto Fonseca, Fernando Aurvalle da Silva Krebs, Jo\u00e3o Teles de Moura Neto, Leila Maria de Oliveira, M\u00e1rio Henrique Cardoso Caixeta, Umberto Machado de Oliveira e Villis Marra Gomes. O prazo para eventuais impugna\u00e7\u00f5es \u00e9 de 24 horas (<strong><a title=\"Rela\u00e7\u00e3o Dos Candidatos Inscritos Pgj 2019 2021\" href=\"http:\/\/www.mpgo.mp.br\/portal\/arquivos\/2019\/01\/18\/18_06_04_418_Rela%C3%A7%C3%A3o_dos_candidatos_inscritos_PGJ_2019_2021.pdf\">clique aqui<\/a>\u00a0<\/strong>para acessar a publica\u00e7\u00e3o da Comiss\u00e3o Eleitoral).<\/p>\n<p>A vota\u00e7\u00e3o no dia 8 de fevereiro ser\u00e1 realizada na sala do Col\u00e9gio de Procuradores de Justi\u00e7a (sala 201), no edif\u00edcio-sede do MP, com in\u00edcio marcado para as 8 horas e t\u00e9rmino \u00e0s 17 horas. A vota\u00e7\u00e3o ser\u00e1 manual, com o uso de c\u00e9dulas com o nome dos candidatos. O sorteio da ordem dos nomes na c\u00e9dula ser\u00e1 feito no dia 23 janeiro, \u00e0s 9 horas, na sala do Col\u00e9gio.<\/p>\n<p>A elei\u00e7\u00e3o visa \u00e0 forma\u00e7\u00e3o de uma lista tr\u00edplice dos candidatos. A rela\u00e7\u00e3o ser\u00e1 encaminhada ao governador Ronaldo Caiado, a quem cabe a nomea\u00e7\u00e3o do novo chefe do Minist\u00e9rio P\u00fablico de Goi\u00e1s.<em>\u00a0(Cristiani Hon\u00f3rio \u2013 Fotos: Jo\u00e3o S\u00e9rgio\/Assessoria de Comunica\u00e7\u00e3o Social do MP-GO)<\/em><\/p>\n","protected":false},"excerpt":{"rendered":"<p>A elei\u00e7\u00e3o para o cargo de procurador-geral de Justi\u00e7a de Goi\u00e1s, marcada para 8 de fevereiro, tem nove inscritos na disputa. Com o fim hoje (18\/1) do prazo para registro de candidaturas, inscreveram-se para concorrer ao cargo, pela ordem alfab\u00e9tica, Aylton Fl\u00e1vio Vechi, Benedito Torres Neto, Carlos Alberto Fonseca, Fernando Aurvalle da Silva Krebs, Jo\u00e3o &hellip;<\/p>\n","protected":false},"author":3,"featured_media":43981,"comment_status":"open","ping_status":"open","sticky":false,"template":"","format":"standard","meta":{"_exactmetrics_skip_tracking":false,"_exactmetrics_sitenote_active":false,"_exactmetrics_sitenote_note":"","_exactmetrics_sitenote_category":0,"footnotes":""},"categories":[26],"tags":[],"_links":{"self":[{"href":"https:\/\/goiasemtempo.com.br\/home\/wp-json\/wp\/v2\/posts\/43980"}],"collection":[{"href":"https:\/\/goiasemtempo.com.br\/home\/wp-json\/wp\/v2\/posts"}],"about":[{"href":"https:\/\/goiasemtempo.com.br\/home\/wp-json\/wp\/v2\/types\/post"}],"author":[{"embeddable":true,"href":"https:\/\/goiasemtempo.com.br\/home\/wp-json\/wp\/v2\/users\/3"}],"replies":[{"embeddable":true,"href":"https:\/\/goiasemtempo.com.br\/home\/wp-json\/wp\/v2\/comments?post=43980"}],"version-history":[{"count":1,"href":"https:\/\/goiasemtempo.com.br\/home\/wp-json\/wp\/v2\/posts\/43980\/revisions"}],"predecessor-version":[{"id":43982,"href":"https:\/\/goiasemtempo.com.br\/home\/wp-json\/wp\/v2\/posts\/43980\/revisions\/43982"}],"wp:featuredmedia":[{"embeddable":true,"href":"https:\/\/goiasemtempo.com.br\/home\/wp-json\/wp\/v2\/media\/43981"}],"wp:attachment":[{"href":"https:\/\/goiasemtempo.com.br\/home\/wp-json\/wp\/v2\/media?parent=43980"}],"wp:term":[{"taxonomy":"category","embeddable":true,"href":"https:\/\/goiasemtempo.com.br\/home\/wp-json\/wp\/v2\/categories?post=43980"},{"taxonomy":"post_tag","embeddable":true,"href":"https:\/\/goiasemtempo.com.br\/home\/wp-json\/wp\/v2\/tags?post=43980"}],"curies":[{"name":"wp","href":"https:\/\/api.w.org\/{rel}","templated":true}]}}