{"id":4381,"date":"2017-12-24T17:19:19","date_gmt":"2017-12-24T17:19:19","guid":{"rendered":"http:\/\/goiasemtempo.com.br\/home\/?p=4381"},"modified":"2017-12-24T17:19:19","modified_gmt":"2017-12-24T17:19:19","slug":"fortalecido-por-legislativas-macri-propoe-acordo-sobre-reformas-economicas","status":"publish","type":"post","link":"https:\/\/goiasemtempo.com.br\/home\/fortalecido-por-legislativas-macri-propoe-acordo-sobre-reformas-economicas\/","title":{"rendered":"Fortalecido por legislativas, Macri prop\u00f5e acordo sobre reformas econ\u00f4micas"},"content":{"rendered":"<p>O presidente da Argentina Mauricio Macri prop\u00f4s, nesta segunda-feira (30), a empres\u00e1rios, pol\u00edticos e sindicalistas um acordo para as reformas de responsabilidade fiscal, cria\u00e7\u00e3o de empregos e qualidade institucional, ap\u00f3s sair fortalecido das elei\u00e7\u00f5es legislativas de meio de mandato.<\/p>\n<p>Convoco-lhes a alcan\u00e7ar consensos b\u00e1sicos para tra\u00e7ar um roteiro que nos d\u00ea estabilidade e nos leve a uma Argentina mais justa e integrada. Entramos em uma etapa de reformismo permanente, disse diante de cerca de 170 convidados no Centro Cultural Kirchner (CCK).<\/p>\n<p>O mandat\u00e1rio pediu para manter linha de austeridade e ordem nas contas p\u00fablicas, favorecer o emprego, reduzir os impostos, baixar a infla\u00e7\u00e3o, lutar contra a pobreza, reduzir o d\u00e9ficit fiscal, punir a corrup\u00e7\u00e3o e alcan\u00e7ar o fortalecimento institucional da Rep\u00fablica.<\/p>\n<p>Mas Macri n\u00e3o formulou nenhum an\u00fancio sobre como alcan\u00e7ar essas metas. Temos propostas concretas que anunciaremos nas pr\u00f3ximas semanas, indicou.<\/p>\n<p>A coaliz\u00e3o macrista Cambiemos foi a for\u00e7a mais votada nas elei\u00e7\u00f5es parlamentares de meio de mandato da semana passada, mas n\u00e3o deixou de ser minoria no Congresso. Por isso, ele precisa de alian\u00e7as com peronistas para governar.<\/p>\n<p>Em Buenos Aires, o Fundo Monet\u00e1rio Internacional (FMI) come\u00e7ou nesta segunda uma miss\u00e3o t\u00e9cnica para revisar o ritmo da economia. O FMI recomendou a Macri um ajuste fiscal.<\/p>\n<p>A economia reverteu neste ano a retra\u00e7\u00e3o de 2,3% em 2016, e acumulou alta de 2,4% de janeiro a agosto.<\/p>\n<p>O d\u00e9ficit fiscal supera 4% do Produto Interno Bruto (PIB), antes do pagamento da d\u00edvida. A infla\u00e7\u00e3o est\u00e1 em torno de 18%, e em setembro superou a meta anual do Banco Central, de entre 12% e 17%. O desemprego est\u00e1 em 8,7%.<\/p>\n<p>&#8211; De que se trata? &#8211;<\/p>\n<p>Em rea\u00e7\u00e3o ao projeto, organiza\u00e7\u00f5es sociais fizeram manifesta\u00e7\u00f5es sob o lema De que se trata?. Os manifestantes pediram ao governo para cumprir a lei sancionada de emerg\u00eancia econ\u00f4mica, que aumentou os subs\u00eddios a setores desprotegidos e ainda n\u00e3o foi aplicada.<\/p>\n<p>Queremos pol\u00edticas de Estado. Mas em nenhum momento se devem romper direitos b\u00e1sicos dos trabalhadores, disse em coletiva de imprensa H\u00e9ctor Daer, um dos l\u00edderes da maior central trabalhista do pa\u00eds, CGT, que estava no CCK.<\/p>\n<p>Juan Grabois, l\u00edder da manifesta\u00e7\u00e3o, tamb\u00e9m fez um alerta: Denunciamos que este \u00e9 um debate muito tendencioso, em que os setores sociais est\u00e3o exclu\u00eddos.<\/p>\n<p>Os tr\u00eas eixos da reforma ser\u00e3o, segundo Macri, a responsabilidade fiscal, criar mais emprego e qualidade institucional. Em seus dois primeiros anos de governo, ele implementou gradualmente reformas liberais.<\/p>\n<p>As medidas foram aplaudidas por organismos internacionais de cr\u00e9dito, mercados financeiros e governos de Estados Unidos e pa\u00edses centrais da Uni\u00e3o Europeia (UE).<\/p>\n","protected":false},"excerpt":{"rendered":"<p>O presidente da Argentina Mauricio Macri prop\u00f4s, nesta segunda-feira (30), a empres\u00e1rios, pol\u00edticos e sindicalistas um acordo para as reformas de responsabilidade fiscal, cria\u00e7\u00e3o de empregos e qualidade institucional, ap\u00f3s sair fortalecido das elei\u00e7\u00f5es legislativas de meio de mandato. Convoco-lhes a alcan\u00e7ar consensos b\u00e1sicos para tra\u00e7ar um roteiro que nos d\u00ea estabilidade e nos leve &hellip;<\/p>\n","protected":false},"author":2,"featured_media":1826,"comment_status":"open","ping_status":"open","sticky":false,"template":"","format":"standard","meta":{"footnotes":""},"categories":[4],"tags":[],"class_list":["post-4381","post","type-post","status-publish","format-standard","has-post-thumbnail","hentry","category-ultimas-noticias"],"_links":{"self":[{"href":"https:\/\/goiasemtempo.com.br\/home\/wp-json\/wp\/v2\/posts\/4381","targetHints":{"allow":["GET"]}}],"collection":[{"href":"https:\/\/goiasemtempo.com.br\/home\/wp-json\/wp\/v2\/posts"}],"about":[{"href":"https:\/\/goiasemtempo.com.br\/home\/wp-json\/wp\/v2\/types\/post"}],"author":[{"embeddable":true,"href":"https:\/\/goiasemtempo.com.br\/home\/wp-json\/wp\/v2\/users\/2"}],"replies":[{"embeddable":true,"href":"https:\/\/goiasemtempo.com.br\/home\/wp-json\/wp\/v2\/comments?post=4381"}],"version-history":[{"count":1,"href":"https:\/\/goiasemtempo.com.br\/home\/wp-json\/wp\/v2\/posts\/4381\/revisions"}],"predecessor-version":[{"id":4382,"href":"https:\/\/goiasemtempo.com.br\/home\/wp-json\/wp\/v2\/posts\/4381\/revisions\/4382"}],"wp:featuredmedia":[{"embeddable":true,"href":"https:\/\/goiasemtempo.com.br\/home\/wp-json\/wp\/v2\/media\/1826"}],"wp:attachment":[{"href":"https:\/\/goiasemtempo.com.br\/home\/wp-json\/wp\/v2\/media?parent=4381"}],"wp:term":[{"taxonomy":"category","embeddable":true,"href":"https:\/\/goiasemtempo.com.br\/home\/wp-json\/wp\/v2\/categories?post=4381"},{"taxonomy":"post_tag","embeddable":true,"href":"https:\/\/goiasemtempo.com.br\/home\/wp-json\/wp\/v2\/tags?post=4381"}],"curies":[{"name":"wp","href":"https:\/\/api.w.org\/{rel}","templated":true}]}}