{"id":43611,"date":"2019-01-09T15:32:49","date_gmt":"2019-01-09T15:32:49","guid":{"rendered":"http:\/\/goiasemtempo.com.br\/home\/?p=43611"},"modified":"2019-01-09T15:32:49","modified_gmt":"2019-01-09T15:32:49","slug":"vistoria-do-detran-esta-extinta-no-rio-de-janeiro","status":"publish","type":"post","link":"https:\/\/goiasemtempo.com.br\/home\/vistoria-do-detran-esta-extinta-no-rio-de-janeiro\/","title":{"rendered":"Vistoria do Detran est\u00e1 extinta no Rio de Janeiro"},"content":{"rendered":"<p>A inspe\u00e7\u00e3o veicular anual do Detran-RJ foi, finalmente, encerrada. Promessa de campanha de alguns candidatos ao governo do estado do Rio, inclusive do governador eleito Wilson Witzel, a proposta foi transformada em lei nos \u00faltimos dias do mandato de Francisco Dornelles e confirmada pelo atual vice-governador, Cl\u00e1udio Castro, nesta ter\u00e7a-feira, 08\/01.<\/p>\n<p><em>\u201cOs usu\u00e1rios que esperaram 2019 para efetuar a sua regulariza\u00e7\u00e3o precisam esperar alguns dias, j\u00e1 que o sistema de cobran\u00e7a da institui\u00e7\u00e3o financeira leva este tempo para se adequar \u00e0s novas taxas institu\u00eddas para o ano corrente\u201d,<\/em>\u00a0pontua o Detran-RJ.<\/p>\n<p>Em nota, o Detran afirmou que todos os detalhes das informa\u00e7\u00f5es ser\u00e3o divulgadas nos pr\u00f3ximos dias.<\/p>\n<p>Em rela\u00e7\u00e3o aos propriet\u00e1rios de ve\u00edculos que n\u00e3o realizaram a vistoria de 2018, cujo \u00faltimo prazo venceu em setembro, o Detran esclarece que todos os procedimentos de regulariza\u00e7\u00e3o iniciados no pr\u00f3prio ano de 2018 est\u00e3o sendo realizados normalmente.<\/p>\n<p>Com Ag\u00eancia de Not\u00edcias\/ Di\u00e1rio do RJ<\/p>\n","protected":false},"excerpt":{"rendered":"<p>A inspe\u00e7\u00e3o veicular anual do Detran-RJ foi, finalmente, encerrada. Promessa de campanha de alguns candidatos ao governo do estado do Rio, inclusive do governador eleito Wilson Witzel, a proposta foi transformada em lei nos \u00faltimos dias do mandato de Francisco Dornelles e confirmada pelo atual vice-governador, Cl\u00e1udio Castro, nesta ter\u00e7a-feira, 08\/01. \u201cOs usu\u00e1rios que esperaram &hellip;<\/p>\n","protected":false},"author":3,"featured_media":43612,"comment_status":"open","ping_status":"open","sticky":false,"template":"","format":"standard","meta":{"footnotes":""},"categories":[3],"tags":[],"class_list":["post-43611","post","type-post","status-publish","format-standard","has-post-thumbnail","hentry","category-nacional"],"_links":{"self":[{"href":"https:\/\/goiasemtempo.com.br\/home\/wp-json\/wp\/v2\/posts\/43611","targetHints":{"allow":["GET"]}}],"collection":[{"href":"https:\/\/goiasemtempo.com.br\/home\/wp-json\/wp\/v2\/posts"}],"about":[{"href":"https:\/\/goiasemtempo.com.br\/home\/wp-json\/wp\/v2\/types\/post"}],"author":[{"embeddable":true,"href":"https:\/\/goiasemtempo.com.br\/home\/wp-json\/wp\/v2\/users\/3"}],"replies":[{"embeddable":true,"href":"https:\/\/goiasemtempo.com.br\/home\/wp-json\/wp\/v2\/comments?post=43611"}],"version-history":[{"count":1,"href":"https:\/\/goiasemtempo.com.br\/home\/wp-json\/wp\/v2\/posts\/43611\/revisions"}],"predecessor-version":[{"id":43613,"href":"https:\/\/goiasemtempo.com.br\/home\/wp-json\/wp\/v2\/posts\/43611\/revisions\/43613"}],"wp:featuredmedia":[{"embeddable":true,"href":"https:\/\/goiasemtempo.com.br\/home\/wp-json\/wp\/v2\/media\/43612"}],"wp:attachment":[{"href":"https:\/\/goiasemtempo.com.br\/home\/wp-json\/wp\/v2\/media?parent=43611"}],"wp:term":[{"taxonomy":"category","embeddable":true,"href":"https:\/\/goiasemtempo.com.br\/home\/wp-json\/wp\/v2\/categories?post=43611"},{"taxonomy":"post_tag","embeddable":true,"href":"https:\/\/goiasemtempo.com.br\/home\/wp-json\/wp\/v2\/tags?post=43611"}],"curies":[{"name":"wp","href":"https:\/\/api.w.org\/{rel}","templated":true}]}}