{"id":43519,"date":"2019-01-04T12:42:04","date_gmt":"2019-01-04T12:42:04","guid":{"rendered":"http:\/\/goiasemtempo.com.br\/home\/?p=43519"},"modified":"2019-01-04T12:42:04","modified_gmt":"2019-01-04T12:42:04","slug":"toffoli-da-48-horas-para-justica-informar-sobre-saude-de-joao-de-deus","status":"publish","type":"post","link":"https:\/\/goiasemtempo.com.br\/home\/toffoli-da-48-horas-para-justica-informar-sobre-saude-de-joao-de-deus\/","title":{"rendered":"Toffoli d\u00e1 48 horas para Justi\u00e7a informar sobre sa\u00fade de Jo\u00e3o de Deus"},"content":{"rendered":"<p>O presidente do Supremo Tribunal Federal (STF), ministro Dias Toffoli, deu prazo de 48 horas para que a Justi\u00e7a de Abadi\u00e2nia, em Goi\u00e1s, informe o estado de sa\u00fade do m\u00e9dium Jo\u00e3o Teixeira de Faria, conhecido como Jo\u00e3o de Deus. Com base nas informa\u00e7\u00f5es, Toffoli decidir\u00e1 sobre o pedido de liberdade feito pela defesa do m\u00e9dium ao STF.<\/p>\n<div class=\"dnd-widget-wrapper context-cheio_8colunas type-image\">\n<div class=\"dnd-atom-rendered\">\n<figure class=\"mejs-fotoh-wrapper\"><img decoding=\"async\" class=\"img-responsive full full\" title=\"Marcelo Camargo\/Ag\u00eancia Brasil\" src=\"http:\/\/imagens.ebc.com.br\/LUNFfvNVYCxFtPGj54QUOo8-5zQ=\/754x0\/smart\/http:\/\/agenciabrasil.ebc.com.br\/sites\/default\/files\/thumbnails\/image\/mcmgo_abr_121220182197.jpg?itok=w04XxroJ\" alt=\"Jo\u00e3o de Deus chega \u00e0 Casa Dom In\u00e1cio Loyola, em Abadi\u00e2nia\" \/><\/figure>\n<\/div>\n<div class=\"dnd-caption-wrapper\">\n<div class=\"meta\">Acusado de crimses sexuais, Jo\u00e3o de Deus est\u00e1 preso desde dezembro &#8211;\u00a0<strong>Marcelo Camargo\/Ag\u00eancia Brasil<\/strong><\/div>\n<div><\/div>\n<\/div>\n<\/div>\n<p>&#8220;Oficie-se, com urg\u00eancia, mediante fax ou\u00a0<em>e-mail<\/em>, ao ju\u00edzo de Direito da Vara \u00danica de Abadi\u00e2nia\/GO para que, colhendo informa\u00e7\u00f5es junto ao N\u00facleo de Cust\u00f3dia onde ele se encontra recolhido, informe \u00e0 Corte, em at\u00e9 48 horas, a sua atual condi\u00e7\u00e3o, bem como se o estabelecimento em quest\u00e3o oferece assist\u00eancia e tratamento m\u00e9dicos adequados \u00e0 situa\u00e7\u00e3o&#8221;, decidiu Toffoli.<\/p>\n<p>O m\u00e9dium est\u00e1 preso desde\u00a016 de dezembro sob a acusa\u00e7\u00e3o de\u00a0viola\u00e7\u00e3o sexual mediante fraude e dois crimes de estupro de vulner\u00e1vel,<\/p>\n<p>Ontem (2) a Diretoria-Geral de Administra\u00e7\u00e3o Penitenci\u00e1ria do Estado de Goi\u00e1s (DGAP) informou que Jo\u00e3o de Deus est\u00e1 com\u00a0<a href=\"http:\/\/agenciabrasil.ebc.com.br\/geral\/noticia\/2019-01\/exames-constatam-que-joao-de-deus-tem-infeccao-urinaria\">infec\u00e7\u00e3o urin\u00e1ria<\/a>.<\/p>\n<p>Jo\u00e3o de Deus tem 76 anos, submeteu-se em 2015 a uma cirurgia e tratamento por causa de um c\u00e2ncer no est\u00f4mago e, segundo a assessoria da Casa\u00a0Dom\u00a0In\u00e1cio de Loyola, onde o m\u00e9dium prestava atendimento espiritual, \u00e9 cardiopata.<\/p>\n<div class=\"edicao\">Edi\u00e7\u00e3o:\u00a0<span class=\"txtJustica\">N\u00e1dia Franco<\/span><\/div>\n","protected":false},"excerpt":{"rendered":"<p>O presidente do Supremo Tribunal Federal (STF), ministro Dias Toffoli, deu prazo de 48 horas para que a Justi\u00e7a de Abadi\u00e2nia, em Goi\u00e1s, informe o estado de sa\u00fade do m\u00e9dium Jo\u00e3o Teixeira de Faria, conhecido como Jo\u00e3o de Deus. Com base nas informa\u00e7\u00f5es, Toffoli decidir\u00e1 sobre o pedido de liberdade feito pela defesa do m\u00e9dium &hellip;<\/p>\n","protected":false},"author":3,"featured_media":43520,"comment_status":"open","ping_status":"open","sticky":false,"template":"","format":"standard","meta":{"_exactmetrics_skip_tracking":false,"_exactmetrics_sitenote_active":false,"_exactmetrics_sitenote_note":"","_exactmetrics_sitenote_category":0,"footnotes":""},"categories":[26],"tags":[],"_links":{"self":[{"href":"https:\/\/goiasemtempo.com.br\/home\/wp-json\/wp\/v2\/posts\/43519"}],"collection":[{"href":"https:\/\/goiasemtempo.com.br\/home\/wp-json\/wp\/v2\/posts"}],"about":[{"href":"https:\/\/goiasemtempo.com.br\/home\/wp-json\/wp\/v2\/types\/post"}],"author":[{"embeddable":true,"href":"https:\/\/goiasemtempo.com.br\/home\/wp-json\/wp\/v2\/users\/3"}],"replies":[{"embeddable":true,"href":"https:\/\/goiasemtempo.com.br\/home\/wp-json\/wp\/v2\/comments?post=43519"}],"version-history":[{"count":1,"href":"https:\/\/goiasemtempo.com.br\/home\/wp-json\/wp\/v2\/posts\/43519\/revisions"}],"predecessor-version":[{"id":43521,"href":"https:\/\/goiasemtempo.com.br\/home\/wp-json\/wp\/v2\/posts\/43519\/revisions\/43521"}],"wp:featuredmedia":[{"embeddable":true,"href":"https:\/\/goiasemtempo.com.br\/home\/wp-json\/wp\/v2\/media\/43520"}],"wp:attachment":[{"href":"https:\/\/goiasemtempo.com.br\/home\/wp-json\/wp\/v2\/media?parent=43519"}],"wp:term":[{"taxonomy":"category","embeddable":true,"href":"https:\/\/goiasemtempo.com.br\/home\/wp-json\/wp\/v2\/categories?post=43519"},{"taxonomy":"post_tag","embeddable":true,"href":"https:\/\/goiasemtempo.com.br\/home\/wp-json\/wp\/v2\/tags?post=43519"}],"curies":[{"name":"wp","href":"https:\/\/api.w.org\/{rel}","templated":true}]}}