{"id":43489,"date":"2019-01-03T21:20:05","date_gmt":"2019-01-03T21:20:05","guid":{"rendered":"http:\/\/goiasemtempo.com.br\/home\/?p=43489"},"modified":"2019-01-03T21:20:05","modified_gmt":"2019-01-03T21:20:05","slug":"witzel-diz-que-vai-tratar-como-terrorista-criminoso-que-usar-fuzil","status":"publish","type":"post","link":"https:\/\/goiasemtempo.com.br\/home\/witzel-diz-que-vai-tratar-como-terrorista-criminoso-que-usar-fuzil\/","title":{"rendered":"Witzel diz que vai tratar como terrorista criminoso que usar fuzil"},"content":{"rendered":"<p>O governador do Rio de Janeiro, Wilson Witzel, reafirmou hoje (3) que tratar\u00e1 como terrorista qualquer um que portar fuzil ou armas de grosso calibre sem estar uniformizado. Em discurso durante a solenidade de posse do secret\u00e1rio de Pol\u00edcia Militar, Rog\u00e9rio Figueredo, no Batalh\u00e3o de Pol\u00edcia de Choque (BPChq), Witzel voltou a defender uma pol\u00edtica de enfrentamento por parte da pol\u00edcia, e garantiu que o combate ao crime organizado se dar\u00e1 de forma muito dura.<\/p>\n<p>\u201cTenho dito ao longo da minha campanha: quem usa um fuzil e n\u00e3o est\u00e1 envergando um uniforme \u00e9 inimigo, quem usa um fuzil e quer dominar um territ\u00f3rio \u00e9 um terrorista, e assim ser\u00e1 tratado\u201d.<\/p>\n<p>Segundo Witzel, o estado colocar\u00e1 a Defensoria P\u00fablica a servi\u00e7o da tropa, deixando claro que policiais envolvidos em casos de mortes em confronto ter\u00e3o ampla defesa. \u201cA Defensoria P\u00fablica do estado vai estar de forma intransigente ao lado de todo e qualquer policial que, no exerc\u00edcio de sua atividade, precisar de defesa judicial. N\u00e3o temam. O estado estar\u00e1 junto com os senhores para proteg\u00ea-los e defend\u00ea-los em qualquer inst\u00e2ncia. N\u00e3o temam, ajam, treinem e executem a sua miss\u00e3o com tranquilidade. Voc\u00eas ser\u00e3o defendidos\u201d.<\/p>\n<h2>Secretaria<\/h2>\n<p>O governador anunciou que a Secretaria de Pol\u00edcia Militar vai criar o Departamento de Combate a Homic\u00eddios. \u201cN\u00f3s vamos aparelhar a secretaria com equipamentos e policiais para investigar quem quer que ouse atingir um policial das for\u00e7as de seguran\u00e7a do estado. Seja ele do Corpo de Bombeiros ou da Secretaria de Administra\u00e7\u00e3o Penitenci\u00e1ria. Vamos investigar, prender e punir quem ousar desafiar a lei em nosso estado\u201d, alertou.<\/p>\n<h2>Atua\u00e7\u00e3o<\/h2>\n<p>Em um r\u00e1pido pronunciamento \u00e0 imprensa, o coronel Rog\u00e9rio Figueiredo afirmou que uma das primeiras medidas de sua gest\u00e3o \u00e0 frente da pasta ser\u00e1 a de aumentar o policiamento ostensivo nas ruas para dar maior seguran\u00e7a \u00e0 popula\u00e7\u00e3o.<\/p>\n<p>\u201cIremos, em um primeiro momento, aumentar significativamente o policiamento ostensivo nas principais vias do Rio. Com essa iniciativa, vamos combater o roubo de ve\u00edculos, os roubos de rua e de carga. Este \u00e9 o nosso primeiro compromisso com a sociedade fluminense: aumentar o policiamento ostensivo atrav\u00e9s de gest\u00e3o\u201d, disse.<\/p>\n<p>Ag\u00eancia Brasil<\/p>\n","protected":false},"excerpt":{"rendered":"<p>O governador do Rio de Janeiro, Wilson Witzel, reafirmou hoje (3) que tratar\u00e1 como terrorista qualquer um que portar fuzil ou armas de grosso calibre sem estar uniformizado. Em discurso durante a solenidade de posse do secret\u00e1rio de Pol\u00edcia Militar, Rog\u00e9rio Figueredo, no Batalh\u00e3o de Pol\u00edcia de Choque (BPChq), Witzel voltou a defender uma pol\u00edtica &hellip;<\/p>\n","protected":false},"author":3,"featured_media":43490,"comment_status":"open","ping_status":"open","sticky":false,"template":"","format":"standard","meta":{"_exactmetrics_skip_tracking":false,"_exactmetrics_sitenote_active":false,"_exactmetrics_sitenote_note":"","_exactmetrics_sitenote_category":0,"footnotes":""},"categories":[2],"tags":[],"_links":{"self":[{"href":"https:\/\/goiasemtempo.com.br\/home\/wp-json\/wp\/v2\/posts\/43489"}],"collection":[{"href":"https:\/\/goiasemtempo.com.br\/home\/wp-json\/wp\/v2\/posts"}],"about":[{"href":"https:\/\/goiasemtempo.com.br\/home\/wp-json\/wp\/v2\/types\/post"}],"author":[{"embeddable":true,"href":"https:\/\/goiasemtempo.com.br\/home\/wp-json\/wp\/v2\/users\/3"}],"replies":[{"embeddable":true,"href":"https:\/\/goiasemtempo.com.br\/home\/wp-json\/wp\/v2\/comments?post=43489"}],"version-history":[{"count":1,"href":"https:\/\/goiasemtempo.com.br\/home\/wp-json\/wp\/v2\/posts\/43489\/revisions"}],"predecessor-version":[{"id":43491,"href":"https:\/\/goiasemtempo.com.br\/home\/wp-json\/wp\/v2\/posts\/43489\/revisions\/43491"}],"wp:featuredmedia":[{"embeddable":true,"href":"https:\/\/goiasemtempo.com.br\/home\/wp-json\/wp\/v2\/media\/43490"}],"wp:attachment":[{"href":"https:\/\/goiasemtempo.com.br\/home\/wp-json\/wp\/v2\/media?parent=43489"}],"wp:term":[{"taxonomy":"category","embeddable":true,"href":"https:\/\/goiasemtempo.com.br\/home\/wp-json\/wp\/v2\/categories?post=43489"},{"taxonomy":"post_tag","embeddable":true,"href":"https:\/\/goiasemtempo.com.br\/home\/wp-json\/wp\/v2\/tags?post=43489"}],"curies":[{"name":"wp","href":"https:\/\/api.w.org\/{rel}","templated":true}]}}